{"id":8199,"date":"2017-03-15T16:09:10","date_gmt":"2017-03-15T19:09:10","guid":{"rendered":"http:\/\/www.atecordoba.org\/?p=8199"},"modified":"2017-03-15T16:09:10","modified_gmt":"2017-03-15T19:09:10","slug":"ate-cerro-un-acuerdo-por-condiciones-laborales-y-salariales-en-dioxitek","status":"publish","type":"post","link":"https:\/\/atecordoba.org\/?p=8199","title":{"rendered":"ATE cerr\u00f3 un acuerdo por condiciones laborales y salariales en Dioxitek"},"content":{"rendered":"<p><em>El acuerdo incluye recategorizaciones, pago de bonificaciones, la implementaci\u00f3n de la carrera laboral y el pago de t\u00edtulo secundario en la planta de producci\u00f3n de uranio enriquecido.<\/em><\/p>\n<p><img loading=\"lazy\" decoding=\"async\" class=\"aligncenter size-full wp-image-8209\" src=\"http:\/\/www.atecordoba.org\/wp-content\/uploads\/2017\/03\/dioxitek-2-e1489604877289.jpg\" alt=\"\" width=\"550\" height=\"413\"><\/p>\n<p>La reuni\u00f3n se realiz\u00f3 el pasado 9 de marzo entre ATE, junto al gremio sectorial APCNEAN, y las autoridades de Dioxitek, en la sede de la planta de producci\u00f3n de Alta C\u00f3rdoba. Vale recordar que la f\u00e1brica de enriquecimiento de uranio est\u00e1 trabajando plenamente despu\u00e9s que la municipalidad de C\u00f3rdoba la clausurara hasta el 27 de diciembre pasado.&nbsp;<\/p>\n<p>Conforme a lo establecido en el acta de la reuni\u00f3n se acord\u00f3 otorgar a los trabajadores una recategorizaci\u00f3n, con grilla actualizada a diciembre de 2016, retroactivo al 1\u00ba de enero de 2017, en base a conceptos de la Resoluci\u00f3n Presidencial 010\/13. Se estableci\u00f3 que la recategorizaci\u00f3n se har\u00e1 efectiva con el pago de haberes del mes de marzo.<\/p>\n<p><img loading=\"lazy\" decoding=\"async\" class=\"aligncenter size-full wp-image-8211\" src=\"http:\/\/www.atecordoba.org\/wp-content\/uploads\/2017\/03\/20160512_105222-e1489605383761.jpg\" alt=\"\" width=\"550\" height=\"413\"><\/p>\n<p>Al mismo tiempo, se&nbsp;logr\u00f3 el pago de la bonificaci\u00f3n adeudada que ordena el decreto 1240\/16, que ser\u00e1 pagado en la primera semana de abril, en tanto&nbsp;a partir del 1\u00ba mayo se retomar\u00e1n las conversaciones con la organizaci\u00f3n gremial a los efectos de implementar la nueva carrera laboral dentro de la cual se establecer\u00e1 la modalidad de pago de las recategorizaciones a futuro.<\/p>\n<p>Por \u00faltimo, qued\u00f3 suscrito el compromiso para retomar el an\u00e1lisis de la forma de implementar el pago de t\u00edtulo secundarios, t\u00e9cnicos universitarios y universitarios al personal para comenzar a percibirlo a la brevedad posible.&nbsp;<\/p>\n<p><img loading=\"lazy\" decoding=\"async\" class=\"aligncenter size-full wp-image-8213\" src=\"http:\/\/www.atecordoba.org\/wp-content\/uploads\/2017\/03\/20160512_101024-e1489605457450.jpg\" alt=\"\" width=\"550\" height=\"413\"><\/p>\n","protected":false},"excerpt":{"rendered":"<p>El acuerdo incluye recategorizaciones, pago de bonificaciones, la implementaci\u00f3n de la carrera laboral y el pago de t\u00edtulo secundario en la planta de producci\u00f3n de uranio enriquecido. La reuni\u00f3n se realiz\u00f3 el pasado 9 de marzo entre ATE, junto al gremio sectorial APCNEAN, y las autoridades de Dioxitek, en la sede de la planta de [&hellip;]<\/p>\n","protected":false},"author":1,"featured_media":19220,"comment_status":"open","ping_status":"open","sticky":false,"template":"","format":"standard","meta":{"_exactmetrics_skip_tracking":false,"_exactmetrics_sitenote_active":false,"_exactmetrics_sitenote_note":"","_exactmetrics_sitenote_category":0,"jnews-multi-image_gallery":[],"jnews_single_post":[],"jnews_primary_category":[],"jnews_social_meta":[],"jnews_review":[],"enable_review":"","type":"","name":"","summary":"","brand":"","sku":"","good":[],"bad":[],"score_override":"","override_value":"","rating":[],"price":[],"jnews_override_counter":[],"jnews_post_split":[],"footnotes":""},"categories":[135,18],"tags":[],"class_list":["post-8199","post","type-post","status-publish","format-standard","has-post-thumbnail","hentry","category-dioxitek","category-nacionales"],"jetpack_featured_media_url":"https:\/\/atecordoba.org\/wp-content\/uploads\/2020\/05\/logo-nuevochico-e1561581322808.png","_links":{"self":[{"href":"https:\/\/atecordoba.org\/index.php?rest_route=\/wp\/v2\/posts\/8199","targetHints":{"allow":["GET"]}}],"collection":[{"href":"https:\/\/atecordoba.org\/index.php?rest_route=\/wp\/v2\/posts"}],"about":[{"href":"https:\/\/atecordoba.org\/index.php?rest_route=\/wp\/v2\/types\/post"}],"author":[{"embeddable":true,"href":"https:\/\/atecordoba.org\/index.php?rest_route=\/wp\/v2\/users\/1"}],"replies":[{"embeddable":true,"href":"https:\/\/atecordoba.org\/index.php?rest_route=%2Fwp%2Fv2%2Fcomments&post=8199"}],"version-history":[{"count":0,"href":"https:\/\/atecordoba.org\/index.php?rest_route=\/wp\/v2\/posts\/8199\/revisions"}],"wp:featuredmedia":[{"embeddable":true,"href":"https:\/\/atecordoba.org\/index.php?rest_route=\/wp\/v2\/media\/19220"}],"wp:attachment":[{"href":"https:\/\/atecordoba.org\/index.php?rest_route=%2Fwp%2Fv2%2Fmedia&parent=8199"}],"wp:term":[{"taxonomy":"category","embeddable":true,"href":"https:\/\/atecordoba.org\/index.php?rest_route=%2Fwp%2Fv2%2Fcategories&post=8199"},{"taxonomy":"post_tag","embeddable":true,"href":"https:\/\/atecordoba.org\/index.php?rest_route=%2Fwp%2Fv2%2Ftags&post=8199"}],"curies":[{"name":"wp","href":"https:\/\/api.w.org\/{rel}","templated":true}]}}