{"id":8197,"date":"2017-03-14T14:19:01","date_gmt":"2017-03-14T17:19:01","guid":{"rendered":"http:\/\/www.atecordoba.org\/?p=8197"},"modified":"2017-03-14T14:19:01","modified_gmt":"2017-03-14T17:19:01","slug":"ate-marchara-manana-con-organizaciones-sociales","status":"publish","type":"post","link":"https:\/\/atecordoba.org\/?p=8197","title":{"rendered":"ATE marchar\u00e1 ma\u00f1ana con organizaciones sociales"},"content":{"rendered":"<p><em>Junto a compa\u00f1eros de CTEP, Barrios de Pie, CCC y dem\u00e1s organizaciones sociales, ATE se movilizar\u00e1 ma\u00f1ana solidariamente en una jornada nacional de protesta por la aplicaci\u00f3n de la Emergencia Social.<\/em><\/p>\n<p><img loading=\"lazy\" decoding=\"async\" class=\"aligncenter size-full wp-image-8200\" src=\"http:\/\/www.atecordoba.org\/wp-content\/uploads\/2017\/03\/OLLA-POPULAR-1-e1489510303818.jpg\" alt=\"\" width=\"550\" height=\"309\"><\/p>\n<p>ATE convoca para ma\u00f1ana a las 9 horas a nuestro activismo y cuerpos de delegados a concentrar en la sede de nuestro gremio, Entre R\u00edos 450, para posteriormente marchar al Patio Olmos, junto a organizaciones sociales que llevar\u00e1n a cabo una olla popular en protesta contra el ajuste generalizado del gobierno de Mauricio Macri.<\/p>\n<p>Reclaman la aplicaci\u00f3n efectiva de la ley de Emergencia Social, que el gobierno hiciera aprobar en el Congreso de la Naci\u00f3n y que aun no fue reglamentada a pesar de los reclamos permanentes.<\/p>\n<p>Se trata de una jornada nacional de lucha con manifestaciones y ollas populares en distintos puntos del pa\u00eds que, seg\u00fan establece la convocatoria, rechaza &#8220;la pol\u00edtica econ\u00f3mica neoliberal adoptada por el Gobierno Nacional que destruye puestos de trabajo, transfiere la riqueza hacia los ricos, castiga a los trabajadores, empobrece a nuestro Pueblo, multiplica la indigencia y endeuda a las generaciones futuras&#8221;.<\/p>\n<p>Las organizaciones sociales, asimismo, manifestaron &#8220;que el Gobierno Nacional ha incumplido todos los compromisos asumidos con los trabajadores en la Argentina: La pobreza lejos de acercarse al prometido 0% aumenta diariamente, el narcotr\u00e1fico se apodera impunemente de los barrios asesinando nuestros militantes,&nbsp; hijos y vecinos; los argentinos estamos cada vez menos unidos producto de una pol\u00edtica deliberada de persecuci\u00f3n, revanchismo y divisi\u00f3n de la sociedad que promueve falsas antinomias y brechas&#8221;.<\/p>\n<p>&#8220;Pese a este contexto y las m\u00faltiples instancias de di\u00e1logo, el gobierno se ha incumplido todas las medidas paliativas acordadas con las organizaciones sindicales y sociales. No se cumple el \u201cpacto antidespidos\u201d y la ley 27345 pese a declarar al pa\u00eds en una situaci\u00f3n de emergencia no se ha implementado para atender precisamente esta emergencia&#8221;.<\/p>\n<p>Por \u00faltimo, expresaron que &#8220;para los funcionarios dialogar es prometer y no cumplir, conversar y no realizar. Para nosotros eso se llama mentir y jugar con el hambre de nuestras familias. Hemos agotado todas las instancias de di\u00e1logo y participado comprometidamente en todas las mesas de trabajo pero la paciencia tiene un l\u00edmite y ese l\u00edmite es la sufrimiento de cientos de miles de trabajadores que sufren cada d\u00eda m\u00e1s y exigen a sus organizaciones salir a luchar por la justicia social&#8221;.<\/p>\n","protected":false},"excerpt":{"rendered":"<p>Junto a compa\u00f1eros de CTEP, Barrios de Pie, CCC y dem\u00e1s organizaciones sociales, ATE se movilizar\u00e1 ma\u00f1ana solidariamente en una jornada nacional de protesta por la aplicaci\u00f3n de la Emergencia Social. ATE convoca para ma\u00f1ana a las 9 horas a nuestro activismo y cuerpos de delegados a concentrar en la sede de nuestro gremio, Entre [&hellip;]<\/p>\n","protected":false},"author":1,"featured_media":19220,"comment_status":"open","ping_status":"open","sticky":false,"template":"","format":"standard","meta":{"_exactmetrics_skip_tracking":false,"_exactmetrics_sitenote_active":false,"_exactmetrics_sitenote_note":"","_exactmetrics_sitenote_category":0,"jnews-multi-image_gallery":[],"jnews_single_post":[],"jnews_primary_category":[],"jnews_social_meta":[],"jnews_review":[],"enable_review":"","type":"","name":"","summary":"","brand":"","sku":"","good":[],"bad":[],"score_override":"","override_value":"","rating":[],"price":[],"jnews_override_counter":[],"jnews_post_split":[],"footnotes":""},"categories":[10],"tags":[],"class_list":["post-8197","post","type-post","status-publish","format-standard","has-post-thumbnail","hentry","category-accion-politica"],"jetpack_featured_media_url":"https:\/\/atecordoba.org\/wp-content\/uploads\/2020\/05\/logo-nuevochico-e1561581322808.png","_links":{"self":[{"href":"https:\/\/atecordoba.org\/index.php?rest_route=\/wp\/v2\/posts\/8197","targetHints":{"allow":["GET"]}}],"collection":[{"href":"https:\/\/atecordoba.org\/index.php?rest_route=\/wp\/v2\/posts"}],"about":[{"href":"https:\/\/atecordoba.org\/index.php?rest_route=\/wp\/v2\/types\/post"}],"author":[{"embeddable":true,"href":"https:\/\/atecordoba.org\/index.php?rest_route=\/wp\/v2\/users\/1"}],"replies":[{"embeddable":true,"href":"https:\/\/atecordoba.org\/index.php?rest_route=%2Fwp%2Fv2%2Fcomments&post=8197"}],"version-history":[{"count":0,"href":"https:\/\/atecordoba.org\/index.php?rest_route=\/wp\/v2\/posts\/8197\/revisions"}],"wp:featuredmedia":[{"embeddable":true,"href":"https:\/\/atecordoba.org\/index.php?rest_route=\/wp\/v2\/media\/19220"}],"wp:attachment":[{"href":"https:\/\/atecordoba.org\/index.php?rest_route=%2Fwp%2Fv2%2Fmedia&parent=8197"}],"wp:term":[{"taxonomy":"category","embeddable":true,"href":"https:\/\/atecordoba.org\/index.php?rest_route=%2Fwp%2Fv2%2Fcategories&post=8197"},{"taxonomy":"post_tag","embeddable":true,"href":"https:\/\/atecordoba.org\/index.php?rest_route=%2Fwp%2Fv2%2Ftags&post=8197"}],"curies":[{"name":"wp","href":"https:\/\/api.w.org\/{rel}","templated":true}]}}