{"id":8194,"date":"2017-03-14T13:05:17","date_gmt":"2017-03-14T16:05:17","guid":{"rendered":"http:\/\/www.atecordoba.org\/?p=8194"},"modified":"2017-03-14T13:05:17","modified_gmt":"2017-03-14T16:05:17","slug":"ate-pidio-adelantar-la-convocatoria-a-paritarias","status":"publish","type":"post","link":"https:\/\/atecordoba.org\/?p=8194","title":{"rendered":"ATE pidi\u00f3 adelantar la convocatoria a paritarias"},"content":{"rendered":"<p><em>As\u00ed se le inform\u00f3 a Andr\u00e9s Ibarra, Ministro de Modernizaci\u00f3n, en una reuni\u00f3n llevada a cabo ayer en dicha cartera.<\/em><\/p>\n<p><img loading=\"lazy\" decoding=\"async\" class=\"aligncenter size-full wp-image-8195\" src=\"http:\/\/www.atecordoba.org\/wp-content\/uploads\/2017\/03\/reunion-godoy-cabrera-e1489507367423.jpg\" alt=\"\" width=\"550\" height=\"368\"><\/p>\n<p>En&nbsp;una reuni\u00f3n realizada entre funcionarios de Modernizaci\u00f3n e integrantes de la Conducci\u00f3n Nacional de ATE, el gremio le reclamo al ministro la necesidad de que se adelante la convocatoria a paritarias y que se contin\u00fae con el pago de los bonos de fin de a\u00f1o ya que la argumentada recuperaci\u00f3n salarial con que fue utilizado ese bono lejos est\u00e1 de concretarse, aun en relaci\u00f3n a lo perdido el a\u00f1o pasado.<\/p>\n<p><span style=\"font-style: inherit; font-weight: inherit;\">De la reuni\u00f3n formaron parte Hugo \u201cCachorro\u201d Godoy, Secretario General de ATE nacional; Mario Mu\u00f1\u00f3z, Secretario Gremial y los dirigentes nacionales Pablo Spataro y Flavio Vergara.<\/span><\/p>\n<p><span style=\"font-style: inherit; font-weight: inherit;\">En dicha reuni\u00f3n, tambi\u00e9n se plante\u00f3 la necesidad de concretar con fechas precisas la designaci\u00f3n de aquellos concursos que fueron contemplados en el per\u00edodo del gobierno anterior y que han sido ratificados por la actual gesti\u00f3n. \u201cTodav\u00eda no se ha concretado el compromiso de que sean designados en sus nuevos cargos. De igual manera, solicitamos que se acelere la puesta en marcha del plan de pases a planta permanente que tiene como primer objetivo un alcance de alrededor de 12 mil trabajadores con m\u00e1s de 10 a\u00f1os de antig\u00fcedad en condici\u00f3n de trabajadores precarios\u201d, explic\u00f3 Hugo Godoy.<\/span><\/p>\n<p><span style=\"font-style: inherit; font-weight: inherit;\">La respuesta por parte de Ibarra qued\u00f3 pendiente de ser analizada como as\u00ed tambi\u00e9n un pedido formal de reuni\u00f3n junto con el Ministro de Trabajo para rever dos situaciones en el cual ATE est\u00e1 siendo discriminado en el reconocimiento de su representaci\u00f3n de los trabajadores. As\u00ed son los casos en la NASA &nbsp;(Nucleoel\u00e9ctrica Argentina S.A.) y en EANA (Empresa Argentina de Navegaci\u00f3n A\u00e9rea). \u201cNo hay ninguna raz\u00f3n para que ATE no sea elegido como legitimo representante de los trabajadores de ambos sectores, fundamentalmente en EANA donde la mayor\u00eda est\u00e1n afiliados a nuestra organizaci\u00f3n\u201d. &nbsp;<\/span><\/p>\n<p><span style=\"font-style: inherit; font-weight: inherit;\">Por su parte, el ministro Ibarra, inform\u00f3 el plan para modificar el Instituto Nacional de la Administraci\u00f3n P\u00fablica para, seg\u00fan palabras del funcionario, \u201cjerarquizarlo y promover nuevas l\u00edneas de trabajo\u201d. Ante esta propuesta, desde ATE se reiter\u00f3 el posicionamiento p\u00fablico de valorar todos los avances en la formaci\u00f3n y capacitaci\u00f3n de los trabajadores dentro de los organismos del Estado, pero dejando en claro que cualquier otra cuesti\u00f3n que refiera a modificar las condiciones laborales deber\u00e1n ser discutidas en el marco paritario.<\/span><\/p>\n","protected":false},"excerpt":{"rendered":"<p>As\u00ed se le inform\u00f3 a Andr\u00e9s Ibarra, Ministro de Modernizaci\u00f3n, en una reuni\u00f3n llevada a cabo ayer en dicha cartera. En&nbsp;una reuni\u00f3n realizada entre funcionarios de Modernizaci\u00f3n e integrantes de la Conducci\u00f3n Nacional de ATE, el gremio le reclamo al ministro la necesidad de que se adelante la convocatoria a paritarias y que se contin\u00fae [&hellip;]<\/p>\n","protected":false},"author":1,"featured_media":19220,"comment_status":"open","ping_status":"open","sticky":false,"template":"","format":"standard","meta":{"_exactmetrics_skip_tracking":false,"_exactmetrics_sitenote_active":false,"_exactmetrics_sitenote_note":"","_exactmetrics_sitenote_category":0,"jnews-multi-image_gallery":[],"jnews_single_post":[],"jnews_primary_category":[],"jnews_social_meta":[],"jnews_review":[],"enable_review":"","type":"","name":"","summary":"","brand":"","sku":"","good":[],"bad":[],"score_override":"","override_value":"","rating":[],"price":[],"jnews_override_counter":[],"jnews_post_split":[],"footnotes":""},"categories":[18],"tags":[],"class_list":["post-8194","post","type-post","status-publish","format-standard","has-post-thumbnail","hentry","category-nacionales"],"jetpack_featured_media_url":"https:\/\/atecordoba.org\/wp-content\/uploads\/2020\/05\/logo-nuevochico-e1561581322808.png","_links":{"self":[{"href":"https:\/\/atecordoba.org\/index.php?rest_route=\/wp\/v2\/posts\/8194","targetHints":{"allow":["GET"]}}],"collection":[{"href":"https:\/\/atecordoba.org\/index.php?rest_route=\/wp\/v2\/posts"}],"about":[{"href":"https:\/\/atecordoba.org\/index.php?rest_route=\/wp\/v2\/types\/post"}],"author":[{"embeddable":true,"href":"https:\/\/atecordoba.org\/index.php?rest_route=\/wp\/v2\/users\/1"}],"replies":[{"embeddable":true,"href":"https:\/\/atecordoba.org\/index.php?rest_route=%2Fwp%2Fv2%2Fcomments&post=8194"}],"version-history":[{"count":0,"href":"https:\/\/atecordoba.org\/index.php?rest_route=\/wp\/v2\/posts\/8194\/revisions"}],"wp:featuredmedia":[{"embeddable":true,"href":"https:\/\/atecordoba.org\/index.php?rest_route=\/wp\/v2\/media\/19220"}],"wp:attachment":[{"href":"https:\/\/atecordoba.org\/index.php?rest_route=%2Fwp%2Fv2%2Fmedia&parent=8194"}],"wp:term":[{"taxonomy":"category","embeddable":true,"href":"https:\/\/atecordoba.org\/index.php?rest_route=%2Fwp%2Fv2%2Fcategories&post=8194"},{"taxonomy":"post_tag","embeddable":true,"href":"https:\/\/atecordoba.org\/index.php?rest_route=%2Fwp%2Fv2%2Ftags&post=8194"}],"curies":[{"name":"wp","href":"https:\/\/api.w.org\/{rel}","templated":true}]}}