{"id":8190,"date":"2017-03-14T12:57:52","date_gmt":"2017-03-14T15:57:52","guid":{"rendered":"http:\/\/www.atecordoba.org\/?p=8190"},"modified":"2020-06-09T15:38:58","modified_gmt":"2020-06-09T18:38:58","slug":"8190","status":"publish","type":"post","link":"https:\/\/atecordoba.org\/?p=8190","title":{"rendered":"Encuentro de mujeres en lucha en Cruz del Eje"},"content":{"rendered":"<p><em>El cuerpo de delegados de Cruz del Eje realizar\u00e1 este viernes pr\u00f3ximo una charla debate sobre el rol de la mujer trabajadora.<\/em>&nbsp;<\/p>\n<p><img loading=\"lazy\" decoding=\"async\" class=\"aligncenter size-full wp-image-8191\" src=\"http:\/\/atecordoba.org\/wp-content\/uploads\/2020\/06\/cruz-del-eje-genero-e1489505217138.jpg\" alt=\"\" width=\"550\" height=\"379\"><\/p>\n<p>La actividad se llevar\u00e1 a cabo el viernes 17 de marzo a las 20 horas, en la sede de nuestra delegaci\u00f3n de esa ciudad del norte provincial, cita en Avellaneda y Maip\u00fa.<\/p>\n<p>Se trata de la continuidad de debates que ATE viene desarrollando en el marco de la campa\u00f1a #niunamenos que nuestro gremio&nbsp;realiza en todo el pa\u00eds.<\/p>\n<p>&nbsp;<\/p>\n<p>&nbsp;<\/p>\n","protected":false},"excerpt":{"rendered":"<p>El cuerpo de delegados de Cruz del Eje realizar\u00e1 este viernes pr\u00f3ximo una charla debate sobre el rol de la mujer trabajadora.&nbsp; La actividad se llevar\u00e1 a cabo el viernes 17 de marzo a las 20 horas, en la sede de nuestra delegaci\u00f3n de esa ciudad del norte provincial, cita en Avellaneda y Maip\u00fa. Se [&hellip;]<\/p>\n","protected":false},"author":1,"featured_media":19220,"comment_status":"open","ping_status":"open","sticky":false,"template":"","format":"standard","meta":{"_exactmetrics_skip_tracking":false,"_exactmetrics_sitenote_active":false,"_exactmetrics_sitenote_note":"","_exactmetrics_sitenote_category":0,"jnews-multi-image_gallery":[],"jnews_single_post":[],"jnews_primary_category":[],"jnews_social_meta":[],"jnews_review":[],"enable_review":"","type":"","name":"","summary":"","brand":"","sku":"","good":[],"bad":[],"score_override":"","override_value":"","rating":[],"price":[],"jnews_override_counter":[],"jnews_post_split":[],"footnotes":""},"categories":[325,20],"tags":[],"class_list":["post-8190","post","type-post","status-publish","format-standard","has-post-thumbnail","hentry","category-generos-y-diversidades","category-municipales"],"jetpack_featured_media_url":"https:\/\/atecordoba.org\/wp-content\/uploads\/2020\/05\/logo-nuevochico-e1561581322808.png","_links":{"self":[{"href":"https:\/\/atecordoba.org\/index.php?rest_route=\/wp\/v2\/posts\/8190","targetHints":{"allow":["GET"]}}],"collection":[{"href":"https:\/\/atecordoba.org\/index.php?rest_route=\/wp\/v2\/posts"}],"about":[{"href":"https:\/\/atecordoba.org\/index.php?rest_route=\/wp\/v2\/types\/post"}],"author":[{"embeddable":true,"href":"https:\/\/atecordoba.org\/index.php?rest_route=\/wp\/v2\/users\/1"}],"replies":[{"embeddable":true,"href":"https:\/\/atecordoba.org\/index.php?rest_route=%2Fwp%2Fv2%2Fcomments&post=8190"}],"version-history":[{"count":1,"href":"https:\/\/atecordoba.org\/index.php?rest_route=\/wp\/v2\/posts\/8190\/revisions"}],"predecessor-version":[{"id":19979,"href":"https:\/\/atecordoba.org\/index.php?rest_route=\/wp\/v2\/posts\/8190\/revisions\/19979"}],"wp:featuredmedia":[{"embeddable":true,"href":"https:\/\/atecordoba.org\/index.php?rest_route=\/wp\/v2\/media\/19220"}],"wp:attachment":[{"href":"https:\/\/atecordoba.org\/index.php?rest_route=%2Fwp%2Fv2%2Fmedia&parent=8190"}],"wp:term":[{"taxonomy":"category","embeddable":true,"href":"https:\/\/atecordoba.org\/index.php?rest_route=%2Fwp%2Fv2%2Fcategories&post=8190"},{"taxonomy":"post_tag","embeddable":true,"href":"https:\/\/atecordoba.org\/index.php?rest_route=%2Fwp%2Fv2%2Ftags&post=8190"}],"curies":[{"name":"wp","href":"https:\/\/api.w.org\/{rel}","templated":true}]}}