{"id":8187,"date":"2017-03-10T14:40:46","date_gmt":"2017-03-10T17:40:46","guid":{"rendered":"http:\/\/www.atecordoba.org\/?p=8187"},"modified":"2017-03-10T14:40:46","modified_gmt":"2017-03-10T17:40:46","slug":"se-conformo-el-movimiento-por-el-derecho-a-la-salud","status":"publish","type":"post","link":"https:\/\/atecordoba.org\/?p=8187","title":{"rendered":"Se conform\u00f3 el Movimiento por el Derecho a la Salud"},"content":{"rendered":"<p><em>Los gremios y organizaciones sociales participantes definieron llamar a una movilizaci\u00f3n para el 7 de abril en contra de la \u201cestafa de la CUS&#8221;.<\/em><\/p>\n<p><img loading=\"lazy\" decoding=\"async\" class=\"aligncenter size-full wp-image-8188\" src=\"http:\/\/www.atecordoba.org\/wp-content\/uploads\/2017\/03\/reunion-CUS-e1489167587758.jpg\" alt=\"\" width=\"550\" height=\"366\"><\/p>\n<p>Desde &nbsp;ATE viene impulsando distintas iniciativas para denunciar el avance de la privatizaci\u00f3n en el Sistema de Salud que representa lo que el gobierno encabezado por Mauricio Macri promociona enga\u00f1osamente como una Cobertura Universal de Salud. El Consejo Directivo Provincial ya fij\u00f3 posici\u00f3n el a\u00f1o pasado, rechazando la iniciativa oficial.&nbsp;<\/p>\n<p>En ese marco, desde el \u00e1rea de Salud del&nbsp; Instituto de Estudios sobre Estado y Participaci\u00f3n de ATE Nacional se convoc\u00f3 a una amplia reuni\u00f3n en la que se conform\u00f3 el \u201cMovimiento por el Derecho a la Salud. La cobertura Universal es una estafa, lo p\u00fablico es de todos\u201d.<\/p>\n<p><span style=\"font-style: inherit; font-weight: inherit;\">Estuvieron presentes Daniel Godoy, coordinador de IDEP Salud y Jorge Yabkowski, Presidente de FESPROSA, el Secretario Gremial del CDN, Mario Mu\u00f1oz, el responsable del Departamento de Condiciones y Medio Ambiente del Trabajo (CyMAT), Orestes Galeano, as\u00ed como referentes de organizaciones sociales y representantes gremiales de juntas internas de Hospitales, de distintos CDP, seccionales de ATE y de CTA-A, y regionales FESPROSA de Jujuy, Salta, Catamarca, La Pampa, San Luis, R\u00edo Negro, Santa Cruz, Rosario, Capital Federal que fueron algunas de las regiones del pa\u00eds que manifestaron sus problem\u00e1ticas y propuestas en la reuni\u00f3n realizada en la sede de ATE Nacional.<\/span><\/p>\n<p><span style=\"font-style: inherit; font-weight: inherit;\">La asamblea resolvi\u00f3 llamar a una movilizaci\u00f3n nacional al Ministerio de Salud y a movilizaciones provinciales, convocadas para el 7 de abril en el marco del D\u00eda Mundial de la Salud. Asimismo, crear una Mesa Nacional integrada por las organizaciones presentes&nbsp; as\u00ed como la articulaci\u00f3n de Mesas Provinciales. El mandato del nuevo espacio es buscar ampliarse a otras organizaciones gremiales, pol\u00edticas, partidarias y territoriales. Una de las acciones concretas que se remarc\u00f3 como primordial fue generar acciones en el plano legislativo que tensionen la CUS, medida tomada mediante un Decreto de Necesidad y Urgencia por el gobierno de Mauricio Macri.<\/span><\/p>\n<p><span style=\"font-style: inherit; font-weight: inherit;\">Otra de las resoluciones claves fue impulsar una campa\u00f1a de sensibilizaci\u00f3n para que la sociedad sepa c\u00f3mo la CUS afecta su acceso a un sistema de Salud gratuito, universal e integral. Tambi\u00e9n se remarc\u00f3 la importancia de realizar capacitaciones destinadas a las trabajadoras y trabajadores de la Salud que a\u00fan no perciben el avance privatizador que significa la medida.<\/span><\/p>\n<p><span style=\"font-style: inherit; font-weight: inherit;\">Jorge Yabkowski, Presidente de FESPROSA y Secretario de Salud Laboral de CTA-A manifest\u00f3 su satisfacci\u00f3n por el nivel de convocatoria. \u201cDesde nuestra Federaci\u00f3n vinieron referentes de &nbsp;12 provincias, lo que indica un grado de compromiso enorme con esta lucha contra estas nuevas viejas pol\u00edticas del Banco Mundial y otros organismos internacionales\u201d, consign\u00f3. Y agreg\u00f3 que: \u201cMacri no ha hecho m\u00e1s que tomar esta agenda de los organismos internacionales y con el dinero de las obras sociales lanzar esta pretenciosa CUS que no es m\u00e1s que carnetizar a los pobres\u201d y \u201climitar su acceso a la Salud como derecho\u201d.<\/span><\/p>\n<p><span style=\"font-style: inherit; font-weight: inherit;\">Yabkowski reiter\u00f3 la convocatoria a la Movilizaci\u00f3n del 7 de abril al Ministerio de Salud \u201ca las organizaciones sociales, pol\u00edticas, sanitarias y a la sociedad en general para que acompa\u00f1en a este movimiento a manifestarse\u201d.<\/span><\/p>\n<p><span style=\"font-style: inherit; font-weight: inherit;\">A su turno, Pablo Maciel de la Corriente Nacional de Salud Salvador Mazza destac\u00f3 la \u201cconformaci\u00f3n de un Movimiento que enfrente la CUS del Gobierno, que significa un claro retroceso en materia de derecho de salud de la poblaci\u00f3n\u201d.<\/span><\/p>\n<p><span style=\"font-style: inherit; font-weight: inherit;\">Rafael Passarini de la Federaci\u00f3n Argentina de Medicina General expres\u00f3 \u201cresaltamos la conformaci\u00f3n de este movimiento que est\u00e1n bregando para que el derecho a la salud de los argentinos sea una cuesti\u00f3n de Estado, en especial frente a las arremetidas de los \u00faltimos a\u00f1os, entre ellas la CUS, que lo limitan y ponen en riesgo, ya que al ser prestaciones pagas se puedan tercerizar\u201d.<\/span><\/p>\n<p><span style=\"font-style: inherit; font-weight: inherit;\">Por su parte, Mar\u00eda In\u00e9s \u201cKuky\u201d Sasia\u00edn de CICOP resalt\u00f3 como un logro la conformaci\u00f3n del Movimiento por el Derecho a la Salud porque &nbsp;\u201cadem\u00e1s va a bregar por tirar abajo esta imagen de Cobertura Universal que es falsa\u201d. &nbsp;\u201cLo vamos a hacer cada una de las organizaciones que componen este movimiento pero a su vez ya tenemos una jornada, el 7 de abril, que va a ser nacional donde vamos a salir a la calle en el D\u00eda de la Salud &nbsp;a defender a la salud como derecho\u201d, afirm\u00f3.&nbsp;<\/span><\/p>\n<p>&nbsp;<\/p>\n","protected":false},"excerpt":{"rendered":"<p>Los gremios y organizaciones sociales participantes definieron llamar a una movilizaci\u00f3n para el 7 de abril en contra de la \u201cestafa de la CUS&#8221;. Desde &nbsp;ATE viene impulsando distintas iniciativas para denunciar el avance de la privatizaci\u00f3n en el Sistema de Salud que representa lo que el gobierno encabezado por Mauricio Macri promociona enga\u00f1osamente como [&hellip;]<\/p>\n","protected":false},"author":1,"featured_media":19220,"comment_status":"open","ping_status":"open","sticky":false,"template":"","format":"standard","meta":{"_exactmetrics_skip_tracking":false,"_exactmetrics_sitenote_active":false,"_exactmetrics_sitenote_note":"","_exactmetrics_sitenote_category":0,"jnews-multi-image_gallery":[],"jnews_single_post":[],"jnews_primary_category":[],"jnews_social_meta":[],"jnews_review":[],"enable_review":"","type":"","name":"","summary":"","brand":"","sku":"","good":[],"bad":[],"score_override":"","override_value":"","rating":[],"price":[],"jnews_override_counter":[],"jnews_post_split":[],"footnotes":""},"categories":[18,8,102],"tags":[],"class_list":["post-8187","post","type-post","status-publish","format-standard","has-post-thumbnail","hentry","category-nacionales","category-provinciales","category-salud-2"],"jetpack_featured_media_url":"https:\/\/atecordoba.org\/wp-content\/uploads\/2020\/05\/logo-nuevochico-e1561581322808.png","_links":{"self":[{"href":"https:\/\/atecordoba.org\/index.php?rest_route=\/wp\/v2\/posts\/8187","targetHints":{"allow":["GET"]}}],"collection":[{"href":"https:\/\/atecordoba.org\/index.php?rest_route=\/wp\/v2\/posts"}],"about":[{"href":"https:\/\/atecordoba.org\/index.php?rest_route=\/wp\/v2\/types\/post"}],"author":[{"embeddable":true,"href":"https:\/\/atecordoba.org\/index.php?rest_route=\/wp\/v2\/users\/1"}],"replies":[{"embeddable":true,"href":"https:\/\/atecordoba.org\/index.php?rest_route=%2Fwp%2Fv2%2Fcomments&post=8187"}],"version-history":[{"count":0,"href":"https:\/\/atecordoba.org\/index.php?rest_route=\/wp\/v2\/posts\/8187\/revisions"}],"wp:featuredmedia":[{"embeddable":true,"href":"https:\/\/atecordoba.org\/index.php?rest_route=\/wp\/v2\/media\/19220"}],"wp:attachment":[{"href":"https:\/\/atecordoba.org\/index.php?rest_route=%2Fwp%2Fv2%2Fmedia&parent=8187"}],"wp:term":[{"taxonomy":"category","embeddable":true,"href":"https:\/\/atecordoba.org\/index.php?rest_route=%2Fwp%2Fv2%2Fcategories&post=8187"},{"taxonomy":"post_tag","embeddable":true,"href":"https:\/\/atecordoba.org\/index.php?rest_route=%2Fwp%2Fv2%2Ftags&post=8187"}],"curies":[{"name":"wp","href":"https:\/\/api.w.org\/{rel}","templated":true}]}}