{"id":8172,"date":"2017-03-08T15:30:49","date_gmt":"2017-03-08T18:30:49","guid":{"rendered":"http:\/\/www.atecordoba.org\/?p=8172"},"modified":"2020-06-09T15:38:59","modified_gmt":"2020-06-09T18:38:59","slug":"8-de-marzo-dia-internacional-de-la-mujer-trabajadora-2","status":"publish","type":"post","link":"https:\/\/atecordoba.org\/?p=8172","title":{"rendered":"8 de marzo, D\u00eda Internacional de la Mujer Trabajadora"},"content":{"rendered":"<p><em>Se realizan marchas y actividades en todo el pa\u00eds, con un paro de mujeres llevado a cabo de 11 a 14. En C\u00f3rdoba movilizamos a las 18 horas.<\/em><\/p>\n<p><img loading=\"lazy\" decoding=\"async\" class=\"aligncenter size-full wp-image-8173\" src=\"http:\/\/atecordoba.org\/wp-content\/uploads\/2020\/06\/afiche-e1488997705613.jpg\" alt=\"\" width=\"550\" height=\"367\"><\/p>\n<p><span class=\"\">Por trabajo con derechos, las mujeres trabajadoras organizadas marchar\u00e1n hoy en unidad.<\/span><\/p>\n<p class=\"texto\"><span class=\"\">Esta tarde se realizan en todo el pa\u00eds las movilizaciones en el marco del D\u00eda Internacional de la Mujer Trabajadora. En Capital Federal, s<\/span><span class=\"\">e realiz\u00f3 esta ma\u00f1ana una conferencia de prensa, donde las compa\u00f1eras explicaron el alcance de la jornada de lucha: \u201cempezamos desde muy temprano con diferentes acciones de visibilizaci\u00f3n y actividades en los lugares de trabajo, con nuestras compa\u00f1eras debatiendo sobre la situaci\u00f3n de la clase trabajadora en general y de las mujeres en particular\u201d, dijo Alejandra Angriman, Secretaria de G\u00e9nero de la CTA Aut\u00f3noma&nbsp;quien adem\u00e1s inform\u00f3 que durante las \u00faltimas semanas &#8220;las compa\u00f1eras debatieron en asambleas por sector para definir las modalidades de adhesi\u00f3n a la jornada de lucha&#8221;.<\/span><\/p>\n<p class=\"texto\"><span class=\"\">CONADU Hist\u00f3rica, por su parte, denunci\u00f3 el intento del gobierno nacional de poner un tope salarial del 18 %: \u201cmuy por debajo de lo que ha sido la inflaci\u00f3n del a\u00f1o pasado y de este a\u00f1o. En este sentido, hemos estado de paro el lunes y martes\u201d, explic\u00f3 Claudia Baigorria, Secretaria de Formaci\u00f3n de esa Federaci\u00f3n quien adem\u00e1s inform\u00f3 que en las Universidades Nacionales realizan jornadas de una y dos horas de paro: \u201cNo estamos dispuestas a retroceder en nuestras conquistas, si no que vamos a seguir peleando por m\u00e1s derechos\u201d.<\/span><\/p>\n<p class=\"texto\"><span class=\"\">Por su parte Noe Ruiz, Secretaria de G\u00e9nero de la Confederaci\u00f3n General del Trabajo dijo: \u201cPedimos al poder pol\u00edtico que se empiecen a implementar las pol\u00edticas de g\u00e9nero, y decimos basta a una pol\u00edtica de ajuste que est\u00e1 destrozando a las familias en Argentina. No alcanza con protocolos mentirosos, si no que se necesita seguridad en todos los planos del Estado: seguridad jur\u00eddica, lugares de decisi\u00f3n, igual salario por el mismo trabajo\u201d.<\/span><\/p>\n<p class=\"texto\"><span class=\"\">\u201cHace 160 a\u00f1os que venimos peleando por igualdad de derechos, por descanso, por salarios. Seguimos precarizadas, sin registrar, trabajadores de la econom\u00eda informal que no llegan al salario m\u00ednimo, vital y m\u00f3vil\u201d.<\/span><\/p>\n<p class=\"texto\"><span class=\"\">Marta Galante, Directora de G\u00e9nero de ATE, dijo que en el Estado tambi\u00e9n las mujeres son objeto de persecuci\u00f3n: \u201cdesde que asumi\u00f3 este gobierno hemos sufrido los despidos, y en su mayor\u00eda mujeres y jefas de hogares\u201d. Marta M\u00e1rquez, representante de CICOP, cont\u00f3 que su sector tambi\u00e9n est\u00e1 con medidas de fuerza desde el lunes contra la precarizaci\u00f3n laboral en el \u00e1mbito de la salud. Asimismo, Liliana G\u00f3mez, Secretaria de G\u00e9nero de la CTA-A Provincia de Buenos Aires, destac\u00f3 la importancia de movilizar junto a las compa\u00f1eras de los movimientos sociales que son las que m\u00e1s sufren el ajuste.<\/span><\/p>\n","protected":false},"excerpt":{"rendered":"<p>Se realizan marchas y actividades en todo el pa\u00eds, con un paro de mujeres llevado a cabo de 11 a 14. En C\u00f3rdoba movilizamos a las 18 horas. Por trabajo con derechos, las mujeres trabajadoras organizadas marchar\u00e1n hoy en unidad. Esta tarde se realizan en todo el pa\u00eds las movilizaciones en el marco del D\u00eda [&hellip;]<\/p>\n","protected":false},"author":1,"featured_media":19220,"comment_status":"open","ping_status":"open","sticky":false,"template":"","format":"standard","meta":{"_exactmetrics_skip_tracking":false,"_exactmetrics_sitenote_active":false,"_exactmetrics_sitenote_note":"","_exactmetrics_sitenote_category":0,"jnews-multi-image_gallery":[],"jnews_single_post":[],"jnews_primary_category":[],"jnews_social_meta":[],"jnews_review":[],"enable_review":"","type":"","name":"","summary":"","brand":"","sku":"","good":[],"bad":[],"score_override":"","override_value":"","rating":[],"price":[],"jnews_override_counter":[],"jnews_post_split":[],"footnotes":""},"categories":[325],"tags":[],"class_list":["post-8172","post","type-post","status-publish","format-standard","has-post-thumbnail","hentry","category-generos-y-diversidades"],"jetpack_featured_media_url":"https:\/\/atecordoba.org\/wp-content\/uploads\/2020\/05\/logo-nuevochico-e1561581322808.png","_links":{"self":[{"href":"https:\/\/atecordoba.org\/index.php?rest_route=\/wp\/v2\/posts\/8172","targetHints":{"allow":["GET"]}}],"collection":[{"href":"https:\/\/atecordoba.org\/index.php?rest_route=\/wp\/v2\/posts"}],"about":[{"href":"https:\/\/atecordoba.org\/index.php?rest_route=\/wp\/v2\/types\/post"}],"author":[{"embeddable":true,"href":"https:\/\/atecordoba.org\/index.php?rest_route=\/wp\/v2\/users\/1"}],"replies":[{"embeddable":true,"href":"https:\/\/atecordoba.org\/index.php?rest_route=%2Fwp%2Fv2%2Fcomments&post=8172"}],"version-history":[{"count":1,"href":"https:\/\/atecordoba.org\/index.php?rest_route=\/wp\/v2\/posts\/8172\/revisions"}],"predecessor-version":[{"id":19981,"href":"https:\/\/atecordoba.org\/index.php?rest_route=\/wp\/v2\/posts\/8172\/revisions\/19981"}],"wp:featuredmedia":[{"embeddable":true,"href":"https:\/\/atecordoba.org\/index.php?rest_route=\/wp\/v2\/media\/19220"}],"wp:attachment":[{"href":"https:\/\/atecordoba.org\/index.php?rest_route=%2Fwp%2Fv2%2Fmedia&parent=8172"}],"wp:term":[{"taxonomy":"category","embeddable":true,"href":"https:\/\/atecordoba.org\/index.php?rest_route=%2Fwp%2Fv2%2Fcategories&post=8172"},{"taxonomy":"post_tag","embeddable":true,"href":"https:\/\/atecordoba.org\/index.php?rest_route=%2Fwp%2Fv2%2Ftags&post=8172"}],"curies":[{"name":"wp","href":"https:\/\/api.w.org\/{rel}","templated":true}]}}