{"id":8169,"date":"2017-03-08T14:20:37","date_gmt":"2017-03-08T17:20:37","guid":{"rendered":"http:\/\/www.atecordoba.org\/?p=8169"},"modified":"2017-03-08T14:20:37","modified_gmt":"2017-03-08T17:20:37","slug":"concierto-gratuito-la-orquesta-sinfonica-de-la-unc-en-reclamo-de-pase-a-planta-permanente-de-los-musicos","status":"publish","type":"post","link":"https:\/\/atecordoba.org\/?p=8169","title":{"rendered":"Concierto gratuito la Orquesta Sinf\u00f3nica de la UNC en reclamo de pase a planta permanente de los m\u00fasicos"},"content":{"rendered":"<p><em>ATE invita al concierto gratuito que se realizar\u00e1 la Orquesta Sinf\u00f3nica de la UNC (OSUNC) ma\u00f1ana jueves 9 de marzo, a las 18 horas, frente a Patio Olmos.<\/em><\/p>\n<p><img loading=\"lazy\" decoding=\"async\" class=\"aligncenter size-full wp-image-8170\" src=\"http:\/\/www.atecordoba.org\/wp-content\/uploads\/2017\/03\/flyer-OSUN-09.03-e1488993584989.jpg\" alt=\"\" width=\"406\" height=\"550\"><\/p>\n<p>Este concierto se inscribe en un plan de lucha en reclamo por el pase a planta permanente, luego de 10 a\u00f1os de trabajo precarizado y de ausencia de di\u00e1logo con las m\u00e1ximas autoridades de la UNC.<\/p>\n<p>En la oportunidad estar\u00e1 invitado como director Mart\u00edn Vega.<\/p>\n<p>En este marco de desvalorizaci\u00f3n y falta de reconocimiento,&nbsp; el subsecretario de Cultura Pedro Sorrentino presentar\u00e1 un nuevo proyecto de orquesta al Consejo Superior, del que no participamos y en el que nuestra voz no est\u00e1 representada. El nuevo proyecto no s\u00f3lo desconoce los derechos adquiridos por los m\u00fasicos durante estos 10 a\u00f1os, sino que&nbsp; perpet\u00faa la condici\u00f3n de precarizaci\u00f3n hacia el futuro, al no regularizar la situaci\u00f3n laboral de los miembros de la OSUNC.<\/p>\n<p>La OSUNC lleva adelante una tarea ininterrumpida desde 2007 y se ha consolidado como un espacio fundamental para la difusi\u00f3n de obras de estudiantes y compositores cordobeses, para el acompa\u00f1amiento de solistas de diferentes \u00e1mbitos y trayectorias y, especialmente, como un organismo que garantiza el derecho a la cultura de los habitantes de nuestra ciudad. Est\u00e1 integrada por sesenta y tres m\u00fasicos profesionales, que ingresan al organismo mediante un concurso p\u00fablico de antecedentes y oposici\u00f3n.<\/p>\n<p>ATE viene impulsando que los integrantes de la orquesta tienen el derecho de ser reconocidos como trabajadores de la cultura de la Universidad P\u00fablica, con la consecuente estabilidad laboral, derecho reconocido a los trabajadores del Estado nacional.<\/p>\n<p>Para que la voz de los m\u00fasicos de la UNC sea escuchada, para que se abra la participaci\u00f3n en la construcci\u00f3n del nuevo proyecto de Orquesta, para seguir defendiendo la democratizaci\u00f3n de la cultura en C\u00f3rdoba, la Orquesta Sinf\u00f3nica de la UNC brindar\u00e1 ma\u00f1ana un espect\u00e1culo cultural gratuito a la comunidad.<\/p>\n<p style=\"text-align: center;\">\u00a1LOS M\u00daSICOS SON TRABAJADORES!<\/p>\n","protected":false},"excerpt":{"rendered":"<p>ATE invita al concierto gratuito que se realizar\u00e1 la Orquesta Sinf\u00f3nica de la UNC (OSUNC) ma\u00f1ana jueves 9 de marzo, a las 18 horas, frente a Patio Olmos. Este concierto se inscribe en un plan de lucha en reclamo por el pase a planta permanente, luego de 10 a\u00f1os de trabajo precarizado y de ausencia [&hellip;]<\/p>\n","protected":false},"author":1,"featured_media":19220,"comment_status":"open","ping_status":"open","sticky":false,"template":"","format":"standard","meta":{"_exactmetrics_skip_tracking":false,"_exactmetrics_sitenote_active":false,"_exactmetrics_sitenote_note":"","_exactmetrics_sitenote_category":0,"jnews-multi-image_gallery":[],"jnews_single_post":[],"jnews_primary_category":[],"jnews_social_meta":[],"jnews_review":[],"enable_review":"","type":"","name":"","summary":"","brand":"","sku":"","good":[],"bad":[],"score_override":"","override_value":"","rating":[],"price":[],"jnews_override_counter":[],"jnews_post_split":[],"footnotes":""},"categories":[18,89],"tags":[],"class_list":["post-8169","post","type-post","status-publish","format-standard","has-post-thumbnail","hentry","category-nacionales","category-unc"],"jetpack_featured_media_url":"https:\/\/atecordoba.org\/wp-content\/uploads\/2020\/05\/logo-nuevochico-e1561581322808.png","_links":{"self":[{"href":"https:\/\/atecordoba.org\/index.php?rest_route=\/wp\/v2\/posts\/8169","targetHints":{"allow":["GET"]}}],"collection":[{"href":"https:\/\/atecordoba.org\/index.php?rest_route=\/wp\/v2\/posts"}],"about":[{"href":"https:\/\/atecordoba.org\/index.php?rest_route=\/wp\/v2\/types\/post"}],"author":[{"embeddable":true,"href":"https:\/\/atecordoba.org\/index.php?rest_route=\/wp\/v2\/users\/1"}],"replies":[{"embeddable":true,"href":"https:\/\/atecordoba.org\/index.php?rest_route=%2Fwp%2Fv2%2Fcomments&post=8169"}],"version-history":[{"count":0,"href":"https:\/\/atecordoba.org\/index.php?rest_route=\/wp\/v2\/posts\/8169\/revisions"}],"wp:featuredmedia":[{"embeddable":true,"href":"https:\/\/atecordoba.org\/index.php?rest_route=\/wp\/v2\/media\/19220"}],"wp:attachment":[{"href":"https:\/\/atecordoba.org\/index.php?rest_route=%2Fwp%2Fv2%2Fmedia&parent=8169"}],"wp:term":[{"taxonomy":"category","embeddable":true,"href":"https:\/\/atecordoba.org\/index.php?rest_route=%2Fwp%2Fv2%2Fcategories&post=8169"},{"taxonomy":"post_tag","embeddable":true,"href":"https:\/\/atecordoba.org\/index.php?rest_route=%2Fwp%2Fv2%2Ftags&post=8169"}],"curies":[{"name":"wp","href":"https:\/\/api.w.org\/{rel}","templated":true}]}}