{"id":8161,"date":"2017-03-08T13:02:34","date_gmt":"2017-03-08T16:02:34","guid":{"rendered":"http:\/\/www.atecordoba.org\/?p=8161"},"modified":"2017-03-08T13:02:34","modified_gmt":"2017-03-08T16:02:34","slug":"ate-participo-del-acto-de-la-cgt-en-la-segunda-jornada-del-paro","status":"publish","type":"post","link":"https:\/\/atecordoba.org\/?p=8161","title":{"rendered":"ATE particip\u00f3 del acto de la CGT en la segunda jornada del paro"},"content":{"rendered":"<p><em>El Consejo Directivo Provincial march\u00f3 ayer para participar del acto convocado por&nbsp;la CGT, la CTA y las organizaciones sociales, repudiando la pol\u00edtica econ\u00f3mica del gobierno nacional y provincial.<\/em><\/p>\n<p>(Por Luis Barcena)<\/p>\n<p><img loading=\"lazy\" decoding=\"async\" class=\"aligncenter size-full wp-image-8162\" src=\"http:\/\/www.atecordoba.org\/wp-content\/uploads\/2017\/03\/20170307_120326-e1488910685858.jpg\" alt=\"\" width=\"550\" height=\"309\"><\/p>\n<p>ATE inici\u00f3 la movilizaci\u00f3n despu\u00e9s de las 11 de la ma\u00f1ana, partiendo hacia la esquina de Velez Sarsfield y 27 de abril, donde se hab\u00eda programado realizar el hoy. La columna de nuestro gremio se ubic\u00f3 a lado de los compa\u00f1eros de Luz y Fuerza y otros sindicatos que se encontraban en el lugar.<\/p>\n<p><img loading=\"lazy\" decoding=\"async\" class=\"aligncenter size-full wp-image-8163\" src=\"http:\/\/www.atecordoba.org\/wp-content\/uploads\/2017\/03\/20170307_114353-e1488911156203.jpg\" alt=\"\" width=\"550\" height=\"309\"><\/p>\n<p>Se trat\u00f3 del la segunda jornada del paro por 48 horas que ATE llev\u00f3 a cabo en todo el pa\u00eds en reclamo de paritarias sin techo y 35% de aumento salarial para todos los sectores y en los tres niveles del Estado.<\/p>\n<p><img loading=\"lazy\" decoding=\"async\" class=\"aligncenter size-full wp-image-8164\" src=\"http:\/\/www.atecordoba.org\/wp-content\/uploads\/2017\/03\/20170307_111641-e1488911218816.jpg\" alt=\"\" width=\"550\" height=\"309\"><\/p>\n<p>Ayer los trabajadores nos encontramos en la calle y no pasa por decisiones de c\u00fapula. Con el descalabro pol\u00edtico y social, todos ten\u00edamos la necesidad de salir a gritar que termine el ajuste. En este momento no se puede mirar al costado habiendo tantos despidos, mientras el salario real est\u00e1 paralizado,&nbsp;todav\u00eda seguimos peleando por una pol\u00edtica previsional que contemple el 82% m\u00f3vil para los jubilados y no el rec\u00e1lculo que hacen la naci\u00f3n y la provincia.&nbsp;La respuesta de los trabajadores a los dos d\u00edas de paro fue muy buena en todo el pa\u00eds.&nbsp;<\/p>\n<p><strong>Seccionales<\/strong><\/p>\n<p>En tanto, en el interior provincial la medida de fuerza se llev\u00f3 a cabo con movilizaciones, como fue de caso de Villa Mar\u00eda y R\u00edo Tercero.<\/p>\n<p><img loading=\"lazy\" decoding=\"async\" class=\"aligncenter size-full wp-image-8165\" src=\"http:\/\/www.atecordoba.org\/wp-content\/uploads\/2017\/03\/WhatsApp-Image-2017-03-07-at-14.58.33-e1488912315204.jpeg\" alt=\"\" width=\"550\" height=\"413\"><\/p>\n<p>En Villa Mar\u00eda los compa\u00f1eros se movilizaron masivamente junto a la UEPC y organizaciones sociales, encabezado por su secretario General Fernando mercado.<\/p>\n<p><img loading=\"lazy\" decoding=\"async\" class=\"aligncenter size-full wp-image-8166\" src=\"http:\/\/www.atecordoba.org\/wp-content\/uploads\/2017\/03\/17191879_265747000503235_8648679376032211091_o-e1488912354352.jpg\" alt=\"\" width=\"550\" height=\"309\"><\/p>\n<p>Otro tanto realiz\u00f3 la seccional R\u00edo Tercero, ATE tambi\u00e9n march\u00f3 junto a la UEPC, en una movilizaci\u00f3n conducida por su secretario General Cristian Colman.<\/p>\n<p>&nbsp;<\/p>\n","protected":false},"excerpt":{"rendered":"<p>El Consejo Directivo Provincial march\u00f3 ayer para participar del acto convocado por&nbsp;la CGT, la CTA y las organizaciones sociales, repudiando la pol\u00edtica econ\u00f3mica del gobierno nacional y provincial. (Por Luis Barcena) ATE inici\u00f3 la movilizaci\u00f3n despu\u00e9s de las 11 de la ma\u00f1ana, partiendo hacia la esquina de Velez Sarsfield y 27 de abril, donde se [&hellip;]<\/p>\n","protected":false},"author":1,"featured_media":19220,"comment_status":"open","ping_status":"open","sticky":false,"template":"","format":"standard","meta":{"_exactmetrics_skip_tracking":false,"_exactmetrics_sitenote_active":false,"_exactmetrics_sitenote_note":"","_exactmetrics_sitenote_category":0,"jnews-multi-image_gallery":[],"jnews_single_post":[],"jnews_primary_category":[],"jnews_social_meta":[],"jnews_review":[],"enable_review":"","type":"","name":"","summary":"","brand":"","sku":"","good":[],"bad":[],"score_override":"","override_value":"","rating":[],"price":[],"jnews_override_counter":[],"jnews_post_split":[],"footnotes":""},"categories":[21],"tags":[],"class_list":["post-8161","post","type-post","status-publish","format-standard","has-post-thumbnail","hentry","category-paro-nacional"],"jetpack_featured_media_url":"https:\/\/atecordoba.org\/wp-content\/uploads\/2020\/05\/logo-nuevochico-e1561581322808.png","_links":{"self":[{"href":"https:\/\/atecordoba.org\/index.php?rest_route=\/wp\/v2\/posts\/8161","targetHints":{"allow":["GET"]}}],"collection":[{"href":"https:\/\/atecordoba.org\/index.php?rest_route=\/wp\/v2\/posts"}],"about":[{"href":"https:\/\/atecordoba.org\/index.php?rest_route=\/wp\/v2\/types\/post"}],"author":[{"embeddable":true,"href":"https:\/\/atecordoba.org\/index.php?rest_route=\/wp\/v2\/users\/1"}],"replies":[{"embeddable":true,"href":"https:\/\/atecordoba.org\/index.php?rest_route=%2Fwp%2Fv2%2Fcomments&post=8161"}],"version-history":[{"count":0,"href":"https:\/\/atecordoba.org\/index.php?rest_route=\/wp\/v2\/posts\/8161\/revisions"}],"wp:featuredmedia":[{"embeddable":true,"href":"https:\/\/atecordoba.org\/index.php?rest_route=\/wp\/v2\/media\/19220"}],"wp:attachment":[{"href":"https:\/\/atecordoba.org\/index.php?rest_route=%2Fwp%2Fv2%2Fmedia&parent=8161"}],"wp:term":[{"taxonomy":"category","embeddable":true,"href":"https:\/\/atecordoba.org\/index.php?rest_route=%2Fwp%2Fv2%2Fcategories&post=8161"},{"taxonomy":"post_tag","embeddable":true,"href":"https:\/\/atecordoba.org\/index.php?rest_route=%2Fwp%2Fv2%2Ftags&post=8161"}],"curies":[{"name":"wp","href":"https:\/\/api.w.org\/{rel}","templated":true}]}}