{"id":8153,"date":"2017-03-07T14:23:10","date_gmt":"2017-03-07T17:23:10","guid":{"rendered":"http:\/\/www.atecordoba.org\/?p=8153"},"modified":"2017-03-07T14:23:10","modified_gmt":"2017-03-07T17:23:10","slug":"cdn-ate-rodeo-el-ministerio-de-trabajo-y-luego-acompano-a-los-docentes","status":"publish","type":"post","link":"https:\/\/atecordoba.org\/?p=8153","title":{"rendered":"CDN: ATE rode\u00f3 el Ministerio de Trabajo y luego acompa\u00f1\u00f3 a los docentes"},"content":{"rendered":"<p><em>En la jornada de ayer se realiz\u00f3 una movilizaci\u00f3n multitudinaria en Capital Federal para dar inicio a los dos d\u00edas de paro.&nbsp;<\/em><\/p>\n<div class=\"epyt-video-wrapper\"><iframe loading=\"lazy\"  style=\"display: block; margin: 0px auto;\"  id=\"_ytid_16074\"  width=\"480\" height=\"270\"  data-origwidth=\"480\" data-origheight=\"270\" src=\"https:\/\/www.youtube.com\/embed\/ti0L_jAjooM?enablejsapi=1&#038;autoplay=0&#038;cc_load_policy=0&#038;cc_lang_pref=&#038;iv_load_policy=3&#038;loop=0&#038;rel=0&#038;fs=1&#038;playsinline=0&#038;autohide=2&#038;theme=dark&#038;color=red&#038;controls=1&#038;disablekb=0&#038;\" class=\"__youtube_prefs__  epyt-is-override  no-lazyload\" title=\"YouTube player\"  allow=\"fullscreen; accelerometer; autoplay; clipboard-write; encrypted-media; gyroscope; picture-in-picture; web-share\" referrerpolicy=\"strict-origin-when-cross-origin\" allowfullscreen data-no-lazy=\"1\" data-skipgform_ajax_framebjll=\"\"><\/iframe><\/div>\n<p><span class=\"\">ATE comenz\u00f3 su Paro de 48 horas&nbsp;en la Ciudad Aut\u00f3noma de Buenos Aires con una multitud de estatales, acompa\u00f1ados por numerosos sindicatos y organizaciones sociales de la CTA Aut\u00f3noma, que se concentr\u00f3 en la esquina de Av. 9 de Julio y Av. C\u00f3rdoba para marchar hacia la puerta del Ministerio de Trabajo de la Naci\u00f3n.<\/span><\/p>\n<p><img loading=\"lazy\" decoding=\"async\" class=\"aligncenter size-full wp-image-8154\" src=\"http:\/\/www.atecordoba.org\/wp-content\/uploads\/2017\/03\/9145_4176-e1488907143822.jpg\" alt=\"\" width=\"550\" height=\"328\"><\/p>\n<p class=\"texto\"><span class=\"\">Las jornadas de Paro convocado por ATE apuntan a exigir la reapertura de paritarias y la discusi\u00f3n de las mismas sin un techo impuesto arbitrariamente por el Gobierno, as\u00ed como tambi\u00e9n a reclamar por la reincorporaci\u00f3n de los despedidos, el pase a planta permanente de los precarizados, y un aumento salarial que le permita a los estatales recuperar el poder adquisitivo perdido en el \u00faltimo a\u00f1o, entre otros puntos.<\/span><\/p>\n<p class=\"texto\"><img loading=\"lazy\" decoding=\"async\" class=\"aligncenter size-full wp-image-8155\" src=\"http:\/\/www.atecordoba.org\/wp-content\/uploads\/2017\/03\/9145_4174-e1488907183454.jpg\" alt=\"\" width=\"550\" height=\"367\"><\/p>\n<p class=\"texto\"><span class=\"\">Una vez que la movilizaci\u00f3n lleg\u00f3 a la cartera de Trabajo, se llev\u00f3 adelante un acto en el que, frente a los presentes, hablaron el Secretario General de la CTA Aut\u00f3noma, Ricardo Peidr\u00f3; el Secretario General de SUTEBA Berazategui, Eduardo G\u00f3mez; el Secretario General Adjunto de la CTA Aut\u00f3noma Provincia de Buenos Aires y Presidente de la CICOP; la dirigente de la CONADU Hist\u00f3rica y de la CTA Aut\u00f3noma, Claudia Baigorria; el Secretario General de FESPROSA, Jorge Yabkowski; el Secretario General de ATE Provincia de Buenos Aires y CTA Aut\u00f3noma Provincia de Buenos Aires, Oscar \u2018Colo\u2019 de Isasi; y el Secretario General de ATE Nacional, Hugo \u2018Cachorro\u2019 Godoy.<\/span><\/p>\n<p class=\"texto\"><img loading=\"lazy\" decoding=\"async\" class=\"aligncenter size-full wp-image-8156\" src=\"http:\/\/www.atecordoba.org\/wp-content\/uploads\/2017\/03\/9145_4177-e1488907218466.jpg\" alt=\"\" width=\"550\" height=\"368\"><\/p>\n<p class=\"texto\"><span class=\"\">Luego del acto frente al Ministerio de Trabajo, la movilizaci\u00f3n se dirigi\u00f3 al Palacio Pizzurno para acompa\u00f1ar a los docentes en su lucha por romper el techo salarial impuesto por el Gobierno de Macri y los gobernadores que siguen las mismas recetas de ajuste en sus provincias. En el trayecto hacia la movilizaci\u00f3n de los docentes, la caravana se junt\u00f3 con los compa\u00f1eros de APOPS, encabezados por Leonardo Fabre, su Secretario General. All\u00ed, ATE, APOPS, el&nbsp;Sindicato&nbsp;Argentino de M\u00fasicos&nbsp;(SADEM) y los trabajadores de Vialidad desplegaron la bandera de la CONAGRES (Coordinadora Nacional de Gremios Estatales), demostrando una clara sinton\u00eda entre los trabajadores estatales para pelear contra el ajuste.<\/span><\/p>\n<p class=\"texto\"><img loading=\"lazy\" decoding=\"async\" class=\"aligncenter size-full wp-image-8157\" src=\"http:\/\/www.atecordoba.org\/wp-content\/uploads\/2017\/03\/9145_4175-e1488907284303.jpg\" alt=\"\" width=\"550\" height=\"357\"><\/p>\n<p class=\"texto\"><span class=\"\"><b>Acto frente al Ministerio de Trabajo<\/b><\/span><\/p>\n<p class=\"texto\"><span class=\"\">Frente a la multitud de compa\u00f1eros y compa\u00f1eras presentes hizo uso de la palabra el Secretario General de ATE Nacional, Hugo \u2018Cachorro\u2019 Godoy, quien describi\u00f3: \u201cHoy iniciamos un Paro de 48 horas que va a preceder a una jornada de lucha de las Mujeres Trabajadoras de todo el pa\u00eds que ser\u00e1 acompa\u00f1ada, bancada y respaldada por todos los hombres el 8 de marzo. La pelea de las compa\u00f1eras trabajadoras es la pelea de todos. La pelea de los trabajadores docentes, de la Salud, de la Justicia es la pelea de todos los trabajadores estatales. Estamos orgullosos de nuestro gremio. Aqu\u00ed estamos los trabajadores del Estado Nacional, de los Estados Provinciales, y de los Estados Municipales. Muestras de unidad como la que se expresa hoy aqu\u00ed, se expresan tambi\u00e9n en todas las plazas del territorio nacional\u201d.<\/span><\/p>\n<p class=\"texto\"><img loading=\"lazy\" decoding=\"async\" class=\"aligncenter size-full wp-image-8158\" src=\"http:\/\/www.atecordoba.org\/wp-content\/uploads\/2017\/03\/9145_4178-e1488907315847.jpg\" alt=\"\" width=\"550\" height=\"353\"><\/p>\n<p class=\"texto\"><span class=\"\">\u201cLo que nos trae hoy hasta aqu\u00ed es la violencia brutal que ha desencadenado el Presidente Macri contra las trabajadoras y los trabajadores para quitarnos derechos. El Ministro de Trabajo es el encargado de violentar nuestros Convenios Colectivos. Es el mismo Ministro que se pone al frente del Juicio Pol\u00edtico contra los jueces que reconocieron el derecho de los trabajadores bancarios a que un Convenio Colectivo firmado tenga fuerza de Ley y que deba ser respetado, cosa que el Ministro y el Presidente no hacen. Es el mismo Ministro que nos quiere imponer un techo del 18 por ciento en la discusi\u00f3n salarial. Quieren que aceptemos pasivamente la p\u00e9rdida salarial que tuvimos el a\u00f1o pasado y que aceptemos del mismo modo la p\u00e9rdida de este a\u00f1o\u201d, agreg\u00f3 Godoy.<\/span><\/p>\n<p class=\"texto\"><img loading=\"lazy\" decoding=\"async\" class=\"aligncenter size-full wp-image-8159\" src=\"http:\/\/www.atecordoba.org\/wp-content\/uploads\/2017\/03\/9145_4191-e1488907352469.jpg\" alt=\"\" width=\"550\" height=\"318\"><\/p>\n<p class=\"texto\"><span class=\"\">\u201cLa unidad de los trabajadores no es un acuerdo entre cuatro o cinco dirigentes. No es un corte y pegue de siglas sindicales. La unidad de los trabajadores se construye debatiendo, peleando y construyendo no solamente la oposici\u00f3n a la pol\u00edtica econ\u00f3mica y social del Presidente Macri, sino tambi\u00e9n creando un programa desde los trabajadores y trabajadoras que sea alternativa para que, definitivamente, los que generamos la riqueza estemos en condiciones de decidir c\u00f3mo se distribuye. La unidad se expresa en este acto, as\u00ed como se expresar\u00e1 en la solidaridad cuando marchemos junto a las compa\u00f1eras y compa\u00f1eros docentes esta tarde, y ma\u00f1ana, cuando los trabajadores del sector industrial est\u00e9n movilizados convocados por la CGT, y ATE y la CTA Aut\u00f3noma estemos marchando ah\u00ed. La unidad de la clase trabajadora es lo que permitir\u00e1 la derrota de este proyecto entreguista que encabeza el Presidente Macri\u201d, cerr\u00f3 el dirigente m\u00e1ximo de ATE.<\/span><\/p>\n<p class=\"texto\"><span class=\"\">El Secretario General Adjunto de la CTA Aut\u00f3noma, Ricardo Peidr\u00f3, manifest\u00f3 frente a los presentes: \u201cUn d\u00eda m\u00e1s en la lucha de nuestros compa\u00f1eros y compa\u00f1eras de todo el pa\u00eds. Esta clase trabajadora y este pueblo que resisten las pol\u00edticas de ajuste que se les quieren imponer. Por eso peleamos por los puestos de trabajo, contra la flexibilizaci\u00f3n laboral, contra los despidos, contra la represi\u00f3n, contra las amenazas. Fundamentalmente sabemos de resistencia, pero tambi\u00e9n sabemos de organizaci\u00f3n, y es esa organizaci\u00f3n la que nos va a llevar a torcerle el brazo a los grupos econ\u00f3micos, expresados en este Gobierno, que pretenden hacer eterna una sociedad de injusticias. Con los compa\u00f1eros estatales, en este Paro de 48 horas, con los compa\u00f1eros docentes, profesionales de la salud, y tambi\u00e9n con los compa\u00f1eros y compa\u00f1eras que, hacia el interior de las empresas y de los grupos econ\u00f3micos, resisten la flexibilidad, rompen techos en las paritarias y se plantan frente a los despidos\u201d.<\/span><\/p>\n<p class=\"texto\"><span class=\"\">Fue el turno luego de Eduardo G\u00f3mez, Secretario General de SUTEBA Berazategui, quien dijo: \u201cEn el d\u00eda de hoy, a lo largo y ancho de nuestro pa\u00eds, los auxiliares de la educaci\u00f3n y los docentes estamos haciendo una gran Paro por la dignidad de los trabajadores de la educaci\u00f3n, para romper el tope del 18 por ciento, y para exigir paritarias libres: Aquellas que no se cerraron, que se discutan libremente; y las que se cerraron, que sean reabiertas. Vamos a estar todos juntos en esa lucha, porque es la lucha por los salarios, pero tambi\u00e9n por nuestra dignidad. Es muy importante para nosotros estar en la calle junto a ustedes\u201d.<\/span><\/p>\n<p class=\"texto\"><span class=\"\">M\u00e1s tarde, Fernando Corsiglia, Secretario General Adjunto de la CTA Aut\u00f3noma Provincia de Buenos Aires y Presidente de la CICOP, afirm\u00f3: \u201cEstamos ante una semana muy importante para la clase trabajadora. Tenemos un Gobierno que, desde el inicio de su gesti\u00f3n, con despidos y suspensiones, en su continuidad con pol\u00edticas en contra de los trabajadores, y actualmente con el intento de imposici\u00f3n de un techo salarial, sigue gobernando mirando hacia los costados de la clase trabajadora. El no inicio de clases, el Paro de Salud, el Paro de Estatales, la jornada de movilizaci\u00f3n de ma\u00f1ana, de la CGT y ambas CTA, la jornada de Paro y Movilizaci\u00f3n del 8 de marzo por el D\u00eda de la Mujer Trabajadora, son hitos muy significativos para defender nuestros derechos\u201d.<\/span><\/p>\n<p class=\"texto\"><span class=\"\">Por su parte, Claudia Baigorria, dirigente de la CONADU Hist\u00f3rica y de la CTA Aut\u00f3noma, analiz\u00f3: \u201cEnorme jornada de lucha de los trabajadores y trabajadoras estatales, de los docentes en todos los niveles, de los profesionales de la salud: Nuestra CTA Aut\u00f3noma a la altura de la historia, a la altura de lo que demanda la clase trabajadora, combatiendo el ajuste del Gobierno de Macri y de los gobernadores\u201d.<\/span><\/p>\n<p class=\"texto\"><span class=\"\">Jorge Yabkowski, Secretario General de FESPROSA, tambi\u00e9n se dirigi\u00f3 a los presentes: \u201cEn estas 48 horas estamos construyendo un terremoto estatal y social. Hoy tenemos un Paro Nacional de Salud memorable, construido a lo largo de 30 d\u00edas, a la vista de que \u00edbamos a batallar por una confluencia, en las calles, de todas las centrales, de todos los sindicatos. Hoy lo estamos logrando y vamos a culminarlo junto a los docentes en el Palacio Sarmiento. No estamos ac\u00e1, frente al Ministerio de Trabajo, de casualidad. Vinimos porque aqu\u00ed hay un ministro que es m\u00e1s CEO que todos los CEOs del Gobierno de Macri. Estamos para repudiar a Triaca y a su banda. El ministro es hijo de un colaboracionista de la dictadura. Es digno hijo de su padre aquel que rompe los Convenios Colectivos de Trabajo, aquel que coarta la libertad sindical. Venimos a decirle que esta pol\u00edtica anti obrera, funcional al gran capital, es repudiada por el conjunto de los trabajadores y, en particular, por nuestra CTA Aut\u00f3noma\u201d.<\/span><\/p>\n<p class=\"texto\"><span class=\"\">El Secretario General de ATE Provincia de Buenos Aires y CTA Aut\u00f3noma Provincia de Buenos Aires, Oscar \u2018Colo\u2019 de Isasi, clam\u00f3: \u201cCompa\u00f1eras y compa\u00f1eros, quiero valorar con ustedes la primera derrota, en t\u00e9rminos pol\u00edticos, que ha sufrido la Gobernadora Vidal despu\u00e9s de tanto debate. Cuando los estatales, hace un mes atr\u00e1s, planteamos la necesidad del Paro de 48 horas, all\u00ed empez\u00f3 el debate. Cuando lo resolvimos se profundiz\u00f3. Cuando los docentes, hace una semana y media atr\u00e1s, plantearon el Paro de 48 horas, fue debate nacional que los dirigentes sindicales vamos por un lado, y los docentes, los auxiliares, los enfermeros y los profesionales de la salud van por otro. Esas discusiones se dan en la televisi\u00f3n, tomando mate, se dan en un caf\u00e9, en una asamblea. Pero la \u00fanica verdad es la realidad, y la realidad es que hoy el Paro en la Provincia de Buenos Aires supera al 90 por ciento y sentimos un fuerte respaldo en nuestro reclamo\u201d.<\/span><\/p>\n<p class=\"texto\"><span class=\"\">En el video participan:<\/span><\/p>\n<p class=\"texto\"><span class=\"\">Hugo &#8220;Cachorro&#8221; Godoy, Secretario General de ATE Nacional<\/span><\/p>\n<p class=\"texto\"><span class=\"\">Ricardo Peidro, Secretario Adjunto de CTA Aut\u00f3noma<\/span><\/p>\n<p class=\"texto\"><span class=\"\">Oscar de Isasi, Secretario General ATE pcia de Bs As<\/span><\/p>\n<p class=\"texto\"><span class=\"\">Eduardo G\u00f3mez, Secretario General Suteba Berazategui<\/span><\/p>\n<p class=\"texto\"><span class=\"\">Fernando Corsiglia, Presidente de Cicop<\/span><\/p>\n<p class=\"texto\"><span class=\"\">Claudia Baigorria, Secretaria de Formaci\u00f3n de Conadu Hist\u00f3rica<\/span><\/p>\n<p class=\"texto\"><span class=\"\">Jorge Yabkowski, Presidente de Fesprosa<\/span><\/p>\n","protected":false},"excerpt":{"rendered":"<p>En la jornada de ayer se realiz\u00f3 una movilizaci\u00f3n multitudinaria en Capital Federal para dar inicio a los dos d\u00edas de paro.&nbsp; ATE comenz\u00f3 su Paro de 48 horas&nbsp;en la Ciudad Aut\u00f3noma de Buenos Aires con una multitud de estatales, acompa\u00f1ados por numerosos sindicatos y organizaciones sociales de la CTA Aut\u00f3noma, que se concentr\u00f3 en [&hellip;]<\/p>\n","protected":false},"author":1,"featured_media":19220,"comment_status":"open","ping_status":"open","sticky":false,"template":"","format":"standard","meta":{"_exactmetrics_skip_tracking":false,"_exactmetrics_sitenote_active":false,"_exactmetrics_sitenote_note":"","_exactmetrics_sitenote_category":0,"jnews-multi-image_gallery":[],"jnews_single_post":[],"jnews_primary_category":[],"jnews_social_meta":[],"jnews_review":[],"enable_review":"","type":"","name":"","summary":"","brand":"","sku":"","good":[],"bad":[],"score_override":"","override_value":"","rating":[],"price":[],"jnews_override_counter":[],"jnews_post_split":[],"footnotes":""},"categories":[21],"tags":[],"class_list":["post-8153","post","type-post","status-publish","format-standard","has-post-thumbnail","hentry","category-paro-nacional"],"jetpack_featured_media_url":"https:\/\/atecordoba.org\/wp-content\/uploads\/2020\/05\/logo-nuevochico-e1561581322808.png","_links":{"self":[{"href":"https:\/\/atecordoba.org\/index.php?rest_route=\/wp\/v2\/posts\/8153","targetHints":{"allow":["GET"]}}],"collection":[{"href":"https:\/\/atecordoba.org\/index.php?rest_route=\/wp\/v2\/posts"}],"about":[{"href":"https:\/\/atecordoba.org\/index.php?rest_route=\/wp\/v2\/types\/post"}],"author":[{"embeddable":true,"href":"https:\/\/atecordoba.org\/index.php?rest_route=\/wp\/v2\/users\/1"}],"replies":[{"embeddable":true,"href":"https:\/\/atecordoba.org\/index.php?rest_route=%2Fwp%2Fv2%2Fcomments&post=8153"}],"version-history":[{"count":0,"href":"https:\/\/atecordoba.org\/index.php?rest_route=\/wp\/v2\/posts\/8153\/revisions"}],"wp:featuredmedia":[{"embeddable":true,"href":"https:\/\/atecordoba.org\/index.php?rest_route=\/wp\/v2\/media\/19220"}],"wp:attachment":[{"href":"https:\/\/atecordoba.org\/index.php?rest_route=%2Fwp%2Fv2%2Fmedia&parent=8153"}],"wp:term":[{"taxonomy":"category","embeddable":true,"href":"https:\/\/atecordoba.org\/index.php?rest_route=%2Fwp%2Fv2%2Fcategories&post=8153"},{"taxonomy":"post_tag","embeddable":true,"href":"https:\/\/atecordoba.org\/index.php?rest_route=%2Fwp%2Fv2%2Ftags&post=8153"}],"curies":[{"name":"wp","href":"https:\/\/api.w.org\/{rel}","templated":true}]}}