{"id":8147,"date":"2017-03-06T15:48:06","date_gmt":"2017-03-06T18:48:06","guid":{"rendered":"http:\/\/www.atecordoba.org\/?p=8147"},"modified":"2017-03-06T15:48:06","modified_gmt":"2017-03-06T18:48:06","slug":"paro-nacional-por-48-horas-el-cdp-marcho-en-cordoba","status":"publish","type":"post","link":"https:\/\/atecordoba.org\/?p=8147","title":{"rendered":"Paro nacional por 48 horas: el CDP march\u00f3 en C\u00f3rdoba"},"content":{"rendered":"<p><em>Contundente medida de fuerza de ATE en la provincia, cientos de trabajadores en la calle. &nbsp;<\/em><\/p>\n<p><img loading=\"lazy\" decoding=\"async\" class=\"aligncenter size-full wp-image-8148\" src=\"http:\/\/www.atecordoba.org\/wp-content\/uploads\/2017\/03\/20170306_120507-e1488823866426.jpg\" alt=\"\" width=\"550\" height=\"309\"><\/p>\n<p>Compa\u00f1eros de distintos sectores del Estado nacional y provincial se congregaron en el Consejo Directivo Provincial (CDP), junto a municipales de Cruz del Eje, para movilizarse en una marcha que expres\u00f3 la contundencia del paro convocado por ATE.<\/p>\n<p>Una nutrida columna, encabezada por el secretariado provincial, los cuerpos org\u00e1nicos y cientos de afiliados y militante de nuestro gremio, se moviliz\u00f3 por el centro.<\/p>\n<p><img loading=\"lazy\" decoding=\"async\" class=\"aligncenter size-full wp-image-8149\" src=\"http:\/\/www.atecordoba.org\/wp-content\/uploads\/2017\/03\/20170306_113848-e1488824117952.jpg\" alt=\"\" width=\"550\" height=\"309\"><\/p>\n<p>En primer t\u00e9rmino la movilizaci\u00f3n se traslad\u00f3 hasta la sede de Senasa, donde se respald\u00f3 una compa\u00f1era que sufre un intento de despido, por reclamar el pase a planta. All\u00ed se llev\u00f3 a cabo un acto donde el secretario Adjunto del CDP, Luis Barcena se dirigi\u00f3 a los presentes.<\/p>\n<p><img loading=\"lazy\" decoding=\"async\" class=\"aligncenter size-full wp-image-8150\" src=\"http:\/\/www.atecordoba.org\/wp-content\/uploads\/2017\/03\/20170306_115629-e1488824206535.jpg\" alt=\"\" width=\"550\" height=\"309\"><\/p>\n<p>El dirigente se\u00f1al\u00f3 que \u201cestamos en la calle pidiendo 35% de recomposici\u00f3n que contemple una recuperaci\u00f3n de lo perdido el a\u00f1o pasado. Todos coincidimos en que ca\u00edmos en la capacidad salarial de compra y no lo vamos a resignar. Adem\u00e1s est\u00e1 en marcha un tarifazo y la escalada inflacionaria no cede\u201d.<\/p>\n<p><img loading=\"lazy\" decoding=\"async\" class=\"aligncenter size-full wp-image-8151\" src=\"http:\/\/www.atecordoba.org\/wp-content\/uploads\/2017\/03\/20170306_122658-e1488824507814.jpg\" alt=\"\" width=\"225\" height=\"400\"><\/p>\n<p>Adem\u00e1s hizo referencia al Senasa, asegurando que \u201cesto comenz\u00f3 el a\u00f1o pasado, con los despidos y el ajuste. Dijeron que iban a trabajar contra la pobreza, contra la precarizaci\u00f3n laboral, que iban a mejorar los salarios. No hicieron nada. Y esa actitud fue decayendo hacia las provincias, los municipios y las comunas\u201d.<\/p>\n<p>Y agreg\u00f3: \u201choy estamos ac\u00e1, en la Senasa, bancando a esta compa\u00f1era despedida y ma\u00f1ana vamos a estar de nuevo. Este plan de lucha incluye el paro internacional de las mujeres, por aquellas compa\u00f1eras que perdieron su vida por las 8 horas de trabajo. Cuando sucede un despido como el que sucede en Senasa, cada compa\u00f1ero de cada sector tiene que estar sosteniendo la situaci\u00f3n de esta compa\u00f1era\u201d.<\/p>\n<div class=\"epyt-video-wrapper\"><iframe loading=\"lazy\"  style=\"display: block; margin: 0px auto;\"  id=\"_ytid_28560\"  width=\"480\" height=\"270\"  data-origwidth=\"480\" data-origheight=\"270\" src=\"https:\/\/www.youtube.com\/embed\/zw3oU-Eb-Bk?enablejsapi=1&#038;autoplay=0&#038;cc_load_policy=0&#038;cc_lang_pref=&#038;iv_load_policy=3&#038;loop=0&#038;rel=0&#038;fs=1&#038;playsinline=0&#038;autohide=2&#038;theme=dark&#038;color=red&#038;controls=1&#038;disablekb=0&#038;\" class=\"__youtube_prefs__  epyt-is-override  no-lazyload\" title=\"YouTube player\"  allow=\"fullscreen; accelerometer; autoplay; clipboard-write; encrypted-media; gyroscope; picture-in-picture; web-share\" referrerpolicy=\"strict-origin-when-cross-origin\" allowfullscreen data-no-lazy=\"1\" data-skipgform_ajax_framebjll=\"\"><\/iframe><\/div>\n<p>Posteriormente, la movilizaci\u00f3n continu\u00f3 su marcha hasta casa de gobierno, donde coincidi\u00f3 con el acto de los maestros, confluyendo fraternalmente en&nbsp;un&nbsp;mismo rechazo de la pauta salarial del gobierno provincial.<\/p>\n<p>&nbsp;<\/p>\n","protected":false},"excerpt":{"rendered":"<p>Contundente medida de fuerza de ATE en la provincia, cientos de trabajadores en la calle. &nbsp; Compa\u00f1eros de distintos sectores del Estado nacional y provincial se congregaron en el Consejo Directivo Provincial (CDP), junto a municipales de Cruz del Eje, para movilizarse en una marcha que expres\u00f3 la contundencia del paro convocado por ATE. Una [&hellip;]<\/p>\n","protected":false},"author":1,"featured_media":19220,"comment_status":"open","ping_status":"open","sticky":false,"template":"","format":"standard","meta":{"_exactmetrics_skip_tracking":false,"_exactmetrics_sitenote_active":false,"_exactmetrics_sitenote_note":"","_exactmetrics_sitenote_category":0,"jnews-multi-image_gallery":[],"jnews_single_post":[],"jnews_primary_category":[],"jnews_social_meta":[],"jnews_review":[],"enable_review":"","type":"","name":"","summary":"","brand":"","sku":"","good":[],"bad":[],"score_override":"","override_value":"","rating":[],"price":[],"jnews_override_counter":[],"jnews_post_split":[],"footnotes":""},"categories":[21],"tags":[],"class_list":["post-8147","post","type-post","status-publish","format-standard","has-post-thumbnail","hentry","category-paro-nacional"],"jetpack_featured_media_url":"https:\/\/atecordoba.org\/wp-content\/uploads\/2020\/05\/logo-nuevochico-e1561581322808.png","_links":{"self":[{"href":"https:\/\/atecordoba.org\/index.php?rest_route=\/wp\/v2\/posts\/8147","targetHints":{"allow":["GET"]}}],"collection":[{"href":"https:\/\/atecordoba.org\/index.php?rest_route=\/wp\/v2\/posts"}],"about":[{"href":"https:\/\/atecordoba.org\/index.php?rest_route=\/wp\/v2\/types\/post"}],"author":[{"embeddable":true,"href":"https:\/\/atecordoba.org\/index.php?rest_route=\/wp\/v2\/users\/1"}],"replies":[{"embeddable":true,"href":"https:\/\/atecordoba.org\/index.php?rest_route=%2Fwp%2Fv2%2Fcomments&post=8147"}],"version-history":[{"count":0,"href":"https:\/\/atecordoba.org\/index.php?rest_route=\/wp\/v2\/posts\/8147\/revisions"}],"wp:featuredmedia":[{"embeddable":true,"href":"https:\/\/atecordoba.org\/index.php?rest_route=\/wp\/v2\/media\/19220"}],"wp:attachment":[{"href":"https:\/\/atecordoba.org\/index.php?rest_route=%2Fwp%2Fv2%2Fmedia&parent=8147"}],"wp:term":[{"taxonomy":"category","embeddable":true,"href":"https:\/\/atecordoba.org\/index.php?rest_route=%2Fwp%2Fv2%2Fcategories&post=8147"},{"taxonomy":"post_tag","embeddable":true,"href":"https:\/\/atecordoba.org\/index.php?rest_route=%2Fwp%2Fv2%2Ftags&post=8147"}],"curies":[{"name":"wp","href":"https:\/\/api.w.org\/{rel}","templated":true}]}}