{"id":8141,"date":"2017-03-03T15:27:56","date_gmt":"2017-03-03T18:27:56","guid":{"rendered":"http:\/\/www.atecordoba.org\/?p=8141"},"modified":"2020-07-02T11:37:25","modified_gmt":"2020-07-02T14:37:25","slug":"los-trabajadores-de-la-anac-se-incorporan-al-convenio-214","status":"publish","type":"post","link":"https:\/\/atecordoba.org\/?p=8141","title":{"rendered":"Los trabajadores de la ANAC se incorporan al convenio 214"},"content":{"rendered":"<p><em>ATE firm\u00f3 ayer el acta junto a la patronal, y UPCN, que acuerdo la incorporaci\u00f3n del sector al convenio colectivo general del Estado nacional.<\/em><\/p>\n<p><img loading=\"lazy\" decoding=\"async\" class=\"aligncenter size-full wp-image-8142\" src=\"http:\/\/www.atecordoba.org\/wp-content\/uploads\/2017\/03\/WhatsApp-Image-2017-03-03-at-08.13.03-e1488563850351.jpeg\" alt=\"\" width=\"550\" height=\"309\"><\/p>\n<p>El acuerdo se&nbsp;rubric\u00f3 en la sede central del organismo, con la participaci\u00f3n de la&nbsp;coordinaci\u00f3n de&nbsp;ATE-Anac y delegados de nuestro gremio. El acto supone un avance en la situaci\u00f3n de los compa\u00f1eros tras los cambios que sufri\u00f3 el sector durante el a\u00f1o pasado ya que deja mejor posicionado al sector de cara a la negociaci\u00f3n de un futuro convenio colectivo sectorial.&nbsp;<\/p>\n<p><img loading=\"lazy\" decoding=\"async\" class=\"aligncenter size-full wp-image-8143\" src=\"http:\/\/www.atecordoba.org\/wp-content\/uploads\/2017\/03\/1-e1488563885707.jpeg\" alt=\"\" width=\"413\" height=\"550\"><\/p>\n<p>Adem\u00e1s, tal como explico el compa\u00f1ero Marcelo Bellini de la coordinaci\u00f3n ATE-Anac &#8220;el 214 contempla un mot\u00f3n de variables como la hora nocturna o la posibilidad de discutir un plan de carrera. Lo valoramos como un avance concreto. Con la participaci\u00f3n de ATE y UPCN en el convenio colectivo se define claramente la situaci\u00f3n de empleados p\u00fablicos de los trabajadores de la Anac&#8221;.<\/p>\n<p>Como integrante de la Coordinaci\u00f3n en C\u00f3rdoba, firm\u00f3 el acta la compa\u00f1era Edith Innamorato.&nbsp;<\/p>\n<p><img loading=\"lazy\" decoding=\"async\" class=\"aligncenter size-full wp-image-8144\" src=\"http:\/\/www.atecordoba.org\/wp-content\/uploads\/2017\/03\/acta-anac-1-e1488564246492.jpeg\" alt=\"\" width=\"414\" height=\"550\"><\/p>\n<p><img loading=\"lazy\" decoding=\"async\" class=\"aligncenter size-full wp-image-8145\" src=\"http:\/\/www.atecordoba.org\/wp-content\/uploads\/2017\/03\/acta-anac-2-e1488564263990.jpeg\" alt=\"\" width=\"411\" height=\"550\"><\/p>\n<p>&nbsp;<\/p>\n","protected":false},"excerpt":{"rendered":"<p>ATE firm\u00f3 ayer el acta junto a la patronal, y UPCN, que acuerdo la incorporaci\u00f3n del sector al convenio colectivo general del Estado nacional. El acuerdo se&nbsp;rubric\u00f3 en la sede central del organismo, con la participaci\u00f3n de la&nbsp;coordinaci\u00f3n de&nbsp;ATE-Anac y delegados de nuestro gremio. El acto supone un avance en la situaci\u00f3n de los compa\u00f1eros [&hellip;]<\/p>\n","protected":false},"author":1,"featured_media":19220,"comment_status":"open","ping_status":"open","sticky":false,"template":"","format":"standard","meta":{"_exactmetrics_skip_tracking":false,"_exactmetrics_sitenote_active":false,"_exactmetrics_sitenote_note":"","_exactmetrics_sitenote_category":0,"jnews-multi-image_gallery":[],"jnews_single_post":[],"jnews_primary_category":[],"jnews_social_meta":[],"jnews_review":[],"enable_review":"","type":"","name":"","summary":"","brand":"","sku":"","good":[],"bad":[],"score_override":"","override_value":"","rating":[],"price":[],"jnews_override_counter":[],"jnews_post_split":[],"footnotes":""},"categories":[18],"tags":[33,347],"class_list":["post-8141","post","type-post","status-publish","format-standard","has-post-thumbnail","hentry","category-nacionales","tag-anac","tag-movimiento-aeronautico-cordobes-mac"],"jetpack_featured_media_url":"https:\/\/atecordoba.org\/wp-content\/uploads\/2020\/05\/logo-nuevochico-e1561581322808.png","_links":{"self":[{"href":"https:\/\/atecordoba.org\/index.php?rest_route=\/wp\/v2\/posts\/8141","targetHints":{"allow":["GET"]}}],"collection":[{"href":"https:\/\/atecordoba.org\/index.php?rest_route=\/wp\/v2\/posts"}],"about":[{"href":"https:\/\/atecordoba.org\/index.php?rest_route=\/wp\/v2\/types\/post"}],"author":[{"embeddable":true,"href":"https:\/\/atecordoba.org\/index.php?rest_route=\/wp\/v2\/users\/1"}],"replies":[{"embeddable":true,"href":"https:\/\/atecordoba.org\/index.php?rest_route=%2Fwp%2Fv2%2Fcomments&post=8141"}],"version-history":[{"count":1,"href":"https:\/\/atecordoba.org\/index.php?rest_route=\/wp\/v2\/posts\/8141\/revisions"}],"predecessor-version":[{"id":20555,"href":"https:\/\/atecordoba.org\/index.php?rest_route=\/wp\/v2\/posts\/8141\/revisions\/20555"}],"wp:featuredmedia":[{"embeddable":true,"href":"https:\/\/atecordoba.org\/index.php?rest_route=\/wp\/v2\/media\/19220"}],"wp:attachment":[{"href":"https:\/\/atecordoba.org\/index.php?rest_route=%2Fwp%2Fv2%2Fmedia&parent=8141"}],"wp:term":[{"taxonomy":"category","embeddable":true,"href":"https:\/\/atecordoba.org\/index.php?rest_route=%2Fwp%2Fv2%2Fcategories&post=8141"},{"taxonomy":"post_tag","embeddable":true,"href":"https:\/\/atecordoba.org\/index.php?rest_route=%2Fwp%2Fv2%2Ftags&post=8141"}],"curies":[{"name":"wp","href":"https:\/\/api.w.org\/{rel}","templated":true}]}}