{"id":8134,"date":"2017-03-01T15:00:54","date_gmt":"2017-03-01T18:00:54","guid":{"rendered":"http:\/\/www.atecordoba.org\/?p=8134"},"modified":"2017-03-01T15:00:54","modified_gmt":"2017-03-01T18:00:54","slug":"ate-en-el-congreso-de-la-clate","status":"publish","type":"post","link":"https:\/\/atecordoba.org\/?p=8134","title":{"rendered":"ATE en el Congreso de la CLATE"},"content":{"rendered":"<p><em>En el marco del Congreso Cincuentenario de la CLATE, una delegaci\u00f3n de ATE form\u00f3 parte de los plenarios y debates. C\u00f3rdoba&nbsp;estuvo representada por nuestra secretaria General, Mar\u00eda Liliana Salerno.<\/em><\/p>\n<p><img loading=\"lazy\" decoding=\"async\" class=\"aligncenter size-full wp-image-8135\" src=\"http:\/\/www.atecordoba.org\/wp-content\/uploads\/2017\/03\/congreso-clate-28-2-e1488391074751.jpg\" alt=\"\" width=\"550\" height=\"310\"><\/p>\n<p>&nbsp;<\/p>\n<p><span class=\"\">Encabezada por el Secretario General, Hugo \u201cCachorro\u201d Godoy, una nutrida delegaci\u00f3n del gremio, de diferentes puntos del pa\u00eds, particip\u00f3 durante cinco d\u00edas de los debates y propuestas que se llevaron a cabo en la ciudad Cartagena de Indias. En representaci\u00f3n de C\u00f3rdoba estuvo Mar\u00eda Liliana Salerno, secretaria General del CDP.&nbsp;<\/span><\/p>\n<p class=\"texto\"><span class=\"\">En ese marco, Julio Fuentes, Secretario General Adjunto de ATE, fue reelegido para el per\u00edodo 2017-2021. Por su parte, Teresa Romero, Secretaria de Formaci\u00f3n del sindicato y ex secretaria General del CDP C\u00f3rdoba, asumi\u00f3 el cargo de Secretar\u00eda de Formaci\u00f3n Alterna; y Horacio Fern\u00e1ndez, titular del Idep, hizo lo propio en la Secretar\u00eda de Estudios, Estad\u00edstica e Investigaci\u00f3n.<\/span><\/p>\n<p class=\"texto\"><span class=\"\">Del mismo, participaron m\u00e1s 120 representantes de 17 pa\u00edses de Am\u00e9rica Latina y el Caribe, invitados fraternales de las principales confederaciones y corrientes sindicalistas internacionales, de la Organizaci\u00f3n Internacional del Trabajo (OIT) y dirigentes de Europa, Asia y \u00c1frica.<\/span><\/p>\n","protected":false},"excerpt":{"rendered":"<p>En el marco del Congreso Cincuentenario de la CLATE, una delegaci\u00f3n de ATE form\u00f3 parte de los plenarios y debates. C\u00f3rdoba&nbsp;estuvo representada por nuestra secretaria General, Mar\u00eda Liliana Salerno. &nbsp; Encabezada por el Secretario General, Hugo \u201cCachorro\u201d Godoy, una nutrida delegaci\u00f3n del gremio, de diferentes puntos del pa\u00eds, particip\u00f3 durante cinco d\u00edas de los debates [&hellip;]<\/p>\n","protected":false},"author":1,"featured_media":19220,"comment_status":"open","ping_status":"open","sticky":false,"template":"","format":"standard","meta":{"_exactmetrics_skip_tracking":false,"_exactmetrics_sitenote_active":false,"_exactmetrics_sitenote_note":"","_exactmetrics_sitenote_category":0,"jnews-multi-image_gallery":[],"jnews_single_post":[],"jnews_primary_category":[],"jnews_social_meta":[],"jnews_review":[],"enable_review":"","type":"","name":"","summary":"","brand":"","sku":"","good":[],"bad":[],"score_override":"","override_value":"","rating":[],"price":[],"jnews_override_counter":[],"jnews_post_split":[],"footnotes":""},"categories":[10,129,108],"tags":[],"class_list":["post-8134","post","type-post","status-publish","format-standard","has-post-thumbnail","hentry","category-accion-politica","category-clate","category-internacional"],"jetpack_featured_media_url":"https:\/\/atecordoba.org\/wp-content\/uploads\/2020\/05\/logo-nuevochico-e1561581322808.png","_links":{"self":[{"href":"https:\/\/atecordoba.org\/index.php?rest_route=\/wp\/v2\/posts\/8134","targetHints":{"allow":["GET"]}}],"collection":[{"href":"https:\/\/atecordoba.org\/index.php?rest_route=\/wp\/v2\/posts"}],"about":[{"href":"https:\/\/atecordoba.org\/index.php?rest_route=\/wp\/v2\/types\/post"}],"author":[{"embeddable":true,"href":"https:\/\/atecordoba.org\/index.php?rest_route=\/wp\/v2\/users\/1"}],"replies":[{"embeddable":true,"href":"https:\/\/atecordoba.org\/index.php?rest_route=%2Fwp%2Fv2%2Fcomments&post=8134"}],"version-history":[{"count":0,"href":"https:\/\/atecordoba.org\/index.php?rest_route=\/wp\/v2\/posts\/8134\/revisions"}],"wp:featuredmedia":[{"embeddable":true,"href":"https:\/\/atecordoba.org\/index.php?rest_route=\/wp\/v2\/media\/19220"}],"wp:attachment":[{"href":"https:\/\/atecordoba.org\/index.php?rest_route=%2Fwp%2Fv2%2Fmedia&parent=8134"}],"wp:term":[{"taxonomy":"category","embeddable":true,"href":"https:\/\/atecordoba.org\/index.php?rest_route=%2Fwp%2Fv2%2Fcategories&post=8134"},{"taxonomy":"post_tag","embeddable":true,"href":"https:\/\/atecordoba.org\/index.php?rest_route=%2Fwp%2Fv2%2Ftags&post=8134"}],"curies":[{"name":"wp","href":"https:\/\/api.w.org\/{rel}","templated":true}]}}