{"id":8130,"date":"2017-02-24T15:51:57","date_gmt":"2017-02-24T18:51:57","guid":{"rendered":"http:\/\/www.atecordoba.org\/?p=8130"},"modified":"2017-02-24T15:51:57","modified_gmt":"2017-02-24T18:51:57","slug":"el-2016-acabo-con-la-peor-caida-salarial-de-los-ultimos-quince-anos","status":"publish","type":"post","link":"https:\/\/atecordoba.org\/?p=8130","title":{"rendered":"El 2016 acab\u00f3 con la peor ca\u00edda salarial de los \u00faltimos quince a\u00f1os"},"content":{"rendered":"<p><em>Los salarios tuvieron una retracci\u00f3n general superior al 7%, pero para trabajadores del Estado, lleg\u00f3 hasta el 13%. Super\u00f3 la del 4% del a\u00f1o 2014.<\/em><\/p>\n<p>(fuente ate.org.ar)<\/p>\n<p><img loading=\"lazy\" decoding=\"async\" class=\"aligncenter size-full wp-image-8131\" src=\"http:\/\/www.atecordoba.org\/wp-content\/uploads\/2017\/02\/caida-salarial-e1487962264244.jpg\" alt=\"\" width=\"550\" height=\"310\"><\/p>\n<p><span class=\"yiv5958616432msonormal\">Ser\u00e1 como dicen los pron\u00f3sticos que la contracci\u00f3n general del consumo y de salarios 2016 es similar al a\u00f1o 2002?<\/span><\/p>\n<p class=\"texto\"><span class=\"yiv5958616432msonormal\">Dependiendo de su punto de partida ambas situaciones no son an\u00e1logas. Aquella generada por una crisis de deuda y credibilidad acab\u00f3 con la implosi\u00f3n de un sistema creado alrededor de la convertibilidad. Este deviene de un cambio de construcci\u00f3n pol\u00edtica entre la era Kirchner y Macri. As\u00ed como el kircherismo se caracteriz\u00f3 por la expansi\u00f3n monetaria y una inflaci\u00f3n que en muchos casos superaba el ingreso de los trabajadores,&nbsp; la matriz neoliberal de las pol\u00edticas de Macri, abiertamente al mercado, impone por su g\u00e9nesis tener trabajadores pobres y con condiciones laborales endebles.<\/span><\/p>\n<p class=\"texto\"><span class=\"yiv5958616432msonormal\">Dejando de lado que la ca\u00edda nominal del salario en el 2001 fue general y extrema para el conjunto de la sociedad la del a\u00f1o que concluy\u00f3 permite y necesita incluir diferentes variables: para la mayor\u00eda de las consultoras la retracci\u00f3n salarial general super\u00f3 ligeramente el 7%. Las diferencias nacen cuando debe evaluarse a los trabajadores del Estado teniendo en cuenta que hay que distinguir aqu\u00ed a trabajadores que cumplen funciones para el estado nacional, para administraciones provinciales y para los municipios.<\/span><\/p>\n<p class=\"texto\"><span class=\"yiv5958616432msonormal\">Los dos primeros datos a considerar son las subas salariales y la inflaci\u00f3n: en promedio de aumento otorgado por los diferentes estados rond\u00f3 el 31%, la inflaci\u00f3n algo as\u00ed como el 41%, en las puntas del a\u00f1o.<\/span><\/p>\n<p class=\"texto\"><span class=\"yiv5958616432msonormal\">Para el Observatorio de Derecho Social de la CTA Aut\u00f3noma en el caso de los trabajadores dependientes del Estado Nacional, los salarios b\u00e1sicos correspondientes al Sistema Nacional de Empleo P\u00fablico (SINEP) cayeron en promedio un 8% en comparaci\u00f3n con el a\u00f1o 2015.<\/span><\/p>\n<p class=\"texto\"><span class=\"yiv5958616432msonormal\">Estas no fueron las \u00fanicas p\u00e9rdidas salariales de los \u00faltimos quince a\u00f1os. &nbsp;De hecho la ca\u00edda del salario en los trabajadores ha sido una nota com\u00fan desde el regreso de la democracia. Las variables salariales durante los 12 a\u00f1os de gobierno kirchnerista en el poder no han sido muy claras por la intervenci\u00f3n realizada en el INDEC. Sin embargo el 2014 tambi\u00e9n arroj\u00f3 una ca\u00edda muy importante en el salario tras la devaluaci\u00f3n del mes de enero. Un trabajo del Observatorio estim\u00f3 que la ca\u00edda general del salario en aquel a\u00f1o fue casi del 4%. Las otras retracciones salariales manifestadas durante el kirchnerismo fueron las del los a\u00f1os 2008, 2011 y 2013.<\/span><\/p>\n<p class=\"texto\"><span class=\"yiv5958616432msonormal\">&nbsp;<\/span><\/p>\n<p class=\"texto\"><span class=\"yiv5958616432msonormal\">&nbsp;<\/span><\/p>\n<p class=\"texto\"><span class=\"yiv5958616432msonormal\"><b>Mayor complejidad entre provinciales y municipales<\/b><\/span><\/p>\n<p class=\"texto\"><span class=\"yiv5958616432msonormal\">Cuando empiezan a medirse los salarios de los estados provinciales y municipales todo empieza a complejizarse. Primero debe tomarse en cuenta que en general los salarios de los trabajadores de las administraciones provinciales y municipios son bastante m\u00e1s bajos que los pagados por el estado nacional. Una segunda variable son los aumentos estimados en la canasta familiar seg\u00fan la regi\u00f3n.<\/span><\/p>\n<p class=\"texto\"><span class=\"yiv5958616432msonormal\">La radiograf\u00eda de las regiones no es uniforme. El NOA y el NEA tienen salarios m\u00e1s bajos que en el Sur del pa\u00eds, pero los costos de la canasta familiar en la regi\u00f3n sur superan ampliamente los costos del norte.<\/span><\/p>\n<p class=\"texto\"><span class=\"yiv5958616432msonormal\">En las provincias del NOA y NEA los salarios de un trabajador del estado provincial promedian los 11.000 pesos y la canasta familiar llega casi a los 18.000 pesos. Seg\u00fan propias fuentes estatales la ca\u00edda del salario lleg\u00f3 a 13 puntos.<\/span><\/p>\n<p class=\"texto\"><span class=\"yiv5958616432msonormal\">Ahora la brecha se ampl\u00eda cuando se incorporan a los trabajadores municipales, en la mayor\u00eda de las comunas que incluyen esta regiones los trabajadores pueden bordear los 8.000, es decir casi el l\u00edmite para no caer debajo de la l\u00ednea de pobreza, pero hay tantas otras que pagan salarios muy por debajo. Es as\u00ed que la ATE de Formosa denunci\u00f3 que hay trabajadores de municipalidades del interior provincial que perciben salarios por 3.500 pesos; en otras se denunciaron salarios de 5.000 pesos.<\/span><\/p>\n<p class=\"texto\"><span class=\"yiv5958616432msonormal\">Aunque este \u00faltimo grupo hubiera tenido una correcci\u00f3n salarial muy superior a la media (p\u00f3ngase si se quiere un 100%) en t\u00e9rminos monetarios esta alza no hubiera compensado la suba habida en los productos de primera necesidad ni de servicios. Por el contrario la p\u00e9rdida de la masa salarial real estar\u00eda muy por encima, lejana, de ese 8% que tuvieron los estatales nacionales.<\/span><\/p>\n<p class=\"texto\"><span class=\"yiv5958616432msonormal\">Para la regi\u00f3n Sur hay una hist\u00f3rica pelea entre lo que se percibe de ingresos y el costo de vida. Pelea que cada vez es m\u00e1s desigual. Se estima que en los centros urbanos patag\u00f3nicos a diciembre el costo de vida orillaba los 22.000 pesos mensuales (en zonas m\u00e1s rurales y lejanas a las capitales provinciales llegaba a 26.000 pesos). Sin embargo es casi imposible que el salario de un trabajador estatal, sea provincial o municipal, se acerque a esta suma.&nbsp;&nbsp;&nbsp;&nbsp;<\/span><\/p>\n<p class=\"texto\"><span class=\"yiv5958616432msonormal\">A esta situaci\u00f3n hay que aportarle datos propios de ATE que suman nuevas problem\u00e1ticas: las crisis financieras de las provincias de Santa Cruz y Tierra del Fuego. Esto diluy\u00f3 a\u00fan m\u00e1s el ingreso de los trabajadores estatales. En la primera, la conflictividad sectorial se llev\u00f3 todo el a\u00f1o y los primeros dos meses de este 2017 y parece no tener fin con un gobierno en virtual bancarrota. En Tierra del Fuego el aumento salarial provincial apenas lleg\u00f3 al 9% y ese ajuste a la baja en los salarios fue controlado por el Ejecutivo mediante la total judicializaci\u00f3n que impuso a todas las protestas sociales que vinieron de parte de los agentes activos y pasivos que cumplen funciones para el estado fueguino.&nbsp;&nbsp;<\/span><\/p>\n<p class=\"texto\"><span class=\"yiv5958616432msonormal\">Para dimensionar el cuadro de gravedad que atenta contra los estatales de la regi\u00f3n se puede tomar como referencia un reciente informe del INDEC en el que se asegura que la pobreza en la Patagonia se multiplic\u00f3 por 7 en los \u00faltimos 3 a\u00f1os.<\/span><\/p>\n<p class=\"texto\"><span class=\"yiv5958616432msonormal\">El primer a\u00f1o del gobierno de Macri no s\u00f3lo dej\u00f3 una brutal ca\u00edda general del salario, tambi\u00e9n se complement\u00f3 con el aumento de la desocupaci\u00f3n donde el \u00e1rea estatal fue la principal afectada.<\/span><\/p>\n<p class=\"texto\"><span class=\"yiv5958616432msonormal\">Transitado los dos primeros meses del 2017, los pasos dados por el gobierno que encabeza Mar\u00eda Eugenia Vidal en la provincia de Buenos Aires (avalados en su totalidad por el gobierno nacional)&nbsp; y la eliminaci\u00f3n de la paritaria nacional al sector docente, presuponen imponer un nuevo techo. El tope en las remuneraciones es del 18%.<\/span><\/p>\n<p class=\"texto\"><span class=\"yiv5958616432msonormal\">Sin embargo las nuevas y generalizadas subas en los servicios p\u00fablicos (luz, gas, agua, transporte e inmobiliarios), la transferencia de empresas estatales al sector privado, como se est\u00e1 dando en el \u00e1rea nuclear, y la eliminaci\u00f3n de programas sociales que ven\u00edan desarrollando el Estado, est\u00e1n avisando que las pol\u00edticas de empobrecimiento y entrega Macri siguen por su camino trazado.&nbsp;&nbsp;&nbsp;<\/span><\/p>\n","protected":false},"excerpt":{"rendered":"<p>Los salarios tuvieron una retracci\u00f3n general superior al 7%, pero para trabajadores del Estado, lleg\u00f3 hasta el 13%. Super\u00f3 la del 4% del a\u00f1o 2014. (fuente ate.org.ar) Ser\u00e1 como dicen los pron\u00f3sticos que la contracci\u00f3n general del consumo y de salarios 2016 es similar al a\u00f1o 2002? Dependiendo de su punto de partida ambas situaciones [&hellip;]<\/p>\n","protected":false},"author":1,"featured_media":19220,"comment_status":"open","ping_status":"open","sticky":false,"template":"","format":"standard","meta":{"_exactmetrics_skip_tracking":false,"_exactmetrics_sitenote_active":false,"_exactmetrics_sitenote_note":"","_exactmetrics_sitenote_category":0,"jnews-multi-image_gallery":[],"jnews_single_post":[],"jnews_primary_category":[],"jnews_social_meta":[],"jnews_review":[],"enable_review":"","type":"","name":"","summary":"","brand":"","sku":"","good":[],"bad":[],"score_override":"","override_value":"","rating":[],"price":[],"jnews_override_counter":[],"jnews_post_split":[],"footnotes":""},"categories":[10],"tags":[],"class_list":["post-8130","post","type-post","status-publish","format-standard","has-post-thumbnail","hentry","category-accion-politica"],"jetpack_featured_media_url":"https:\/\/atecordoba.org\/wp-content\/uploads\/2020\/05\/logo-nuevochico-e1561581322808.png","_links":{"self":[{"href":"https:\/\/atecordoba.org\/index.php?rest_route=\/wp\/v2\/posts\/8130","targetHints":{"allow":["GET"]}}],"collection":[{"href":"https:\/\/atecordoba.org\/index.php?rest_route=\/wp\/v2\/posts"}],"about":[{"href":"https:\/\/atecordoba.org\/index.php?rest_route=\/wp\/v2\/types\/post"}],"author":[{"embeddable":true,"href":"https:\/\/atecordoba.org\/index.php?rest_route=\/wp\/v2\/users\/1"}],"replies":[{"embeddable":true,"href":"https:\/\/atecordoba.org\/index.php?rest_route=%2Fwp%2Fv2%2Fcomments&post=8130"}],"version-history":[{"count":0,"href":"https:\/\/atecordoba.org\/index.php?rest_route=\/wp\/v2\/posts\/8130\/revisions"}],"wp:featuredmedia":[{"embeddable":true,"href":"https:\/\/atecordoba.org\/index.php?rest_route=\/wp\/v2\/media\/19220"}],"wp:attachment":[{"href":"https:\/\/atecordoba.org\/index.php?rest_route=%2Fwp%2Fv2%2Fmedia&parent=8130"}],"wp:term":[{"taxonomy":"category","embeddable":true,"href":"https:\/\/atecordoba.org\/index.php?rest_route=%2Fwp%2Fv2%2Fcategories&post=8130"},{"taxonomy":"post_tag","embeddable":true,"href":"https:\/\/atecordoba.org\/index.php?rest_route=%2Fwp%2Fv2%2Ftags&post=8130"}],"curies":[{"name":"wp","href":"https:\/\/api.w.org\/{rel}","templated":true}]}}