{"id":8125,"date":"2017-02-24T15:25:01","date_gmt":"2017-02-24T18:25:01","guid":{"rendered":"http:\/\/www.atecordoba.org\/?p=8125"},"modified":"2017-02-24T15:25:01","modified_gmt":"2017-02-24T18:25:01","slug":"paro-el-1o-de-marzo-en-el-conicet","status":"publish","type":"post","link":"https:\/\/atecordoba.org\/?p=8125","title":{"rendered":"El Conicet realizar\u00e1 un paro de actividades el 1\u00ba de marzo"},"content":{"rendered":"<p><em>La medida de fuerza se realizar\u00e1 en todo el pa\u00eds para resistir el ajuste que sufre el sector con la gesti\u00f3n macrista. Piden la renuncia del ministro Bara\u00f1ao.<\/em><\/p>\n<p><img loading=\"lazy\" decoding=\"async\" class=\"aligncenter size-full wp-image-8127\" src=\"http:\/\/www.atecordoba.org\/wp-content\/uploads\/2017\/02\/toma2-1-e1487960574881.jpg\" alt=\"\" width=\"550\" height=\"309\"><\/p>\n<p style=\"font-variant-ligatures: normal; font-variant-caps: normal; orphans: 2; text-align: start; widows: 2; -webkit-text-stroke-width: 0px; word-spacing: 0px;\">La medida de fuerza se llevar\u00e1 a cabo en el marco del plan de lucha que vienen desarrollando investigadores, becarios y dem\u00e1s trabajadores del Conicet, desde que a fines del a\u00f1o pasado el gobierno nacional recort\u00f3 el presupuesto del \u00e1rea, eliminando los cargos de m\u00e1s de 500 cient\u00edficos que hab\u00edan rendido sus concursos para integrarse o profundizar su carreras en&nbsp;el&nbsp;organismos,&nbsp;en los cupos de&nbsp;becas&nbsp;doctorales&nbsp;y&nbsp;postdoctorales,&nbsp;y&nbsp;en&nbsp;el&nbsp;presupuesto de&nbsp;los&nbsp;institutos&nbsp;de&nbsp;investigaci\u00f3n&nbsp;de todo el pa\u00eds.<\/p>\n<p style=\"font-variant-ligatures: normal; font-variant-caps: normal; orphans: 2; text-align: start; widows: 2; -webkit-text-stroke-width: 0px; word-spacing: 0px;\">Adem\u00e1s, las&nbsp;pol\u00edticas&nbsp;recientes planificadas&nbsp;desde el gobierno -la convocatoria a Carrera de Investigador de este 2016, entre otras- apuntan&nbsp;a&nbsp;un desarrollo cient\u00edfico orientado al sector privado.<\/p>\n<p style=\"font-variant-ligatures: normal; font-variant-caps: normal; orphans: 2; text-align: start; widows: 2; -webkit-text-stroke-width: 0px; word-spacing: 0px;\">As\u00ed se desfinancian las ciencias&nbsp;b\u00e1sicas&nbsp;y&nbsp;sociales,&nbsp;interrumpi\u00e9ndose proyectos&nbsp;de&nbsp;investigaci\u00f3n&nbsp;muy valiosos para el fortalecimiento de la democracia argentina y el desarrollo social, cultural, educativo, de la salud y la econom\u00eda de la poblaci\u00f3n.<\/p>\n<p style=\"font-variant-ligatures: normal; font-variant-caps: normal; orphans: 2; text-align: start; widows: 2; -webkit-text-stroke-width: 0px; word-spacing: 0px;\">En este marco, el paro expresa el rechazo del conjunto de los trabajadores de la comunidad cient\u00edfica al ajuste que el gobierno de Macri est\u00e1 aplicando en el Conicet, al tiempo que reclaman la renuncia del ministro Lino Bara\u00f1ao.<\/p>\n<p style=\"font-variant-ligatures: normal; font-variant-caps: normal; orphans: 2; text-align: start; widows: 2; -webkit-text-stroke-width: 0px; word-spacing: 0px;\"><img loading=\"lazy\" decoding=\"async\" class=\"aligncenter size-full wp-image-8126\" src=\"http:\/\/www.atecordoba.org\/wp-content\/uploads\/2017\/02\/comunicado-paro-conicet-e1487960554437.jpg\" alt=\"\" width=\"389\" height=\"550\"><\/p>\n<p style=\"font-variant-ligatures: normal; font-variant-caps: normal; orphans: 2; text-align: start; widows: 2; -webkit-text-stroke-width: 0px; word-spacing: 0px;\">&nbsp;<\/p>\n","protected":false},"excerpt":{"rendered":"<p>La medida de fuerza se realizar\u00e1 en todo el pa\u00eds para resistir el ajuste que sufre el sector con la gesti\u00f3n macrista. Piden la renuncia del ministro Bara\u00f1ao. La medida de fuerza se llevar\u00e1 a cabo en el marco del plan de lucha que vienen desarrollando investigadores, becarios y dem\u00e1s trabajadores del Conicet, desde que [&hellip;]<\/p>\n","protected":false},"author":1,"featured_media":19220,"comment_status":"open","ping_status":"open","sticky":false,"template":"","format":"standard","meta":{"_exactmetrics_skip_tracking":false,"_exactmetrics_sitenote_active":false,"_exactmetrics_sitenote_note":"","_exactmetrics_sitenote_category":0,"jnews-multi-image_gallery":[],"jnews_single_post":[],"jnews_primary_category":[],"jnews_social_meta":[],"jnews_review":[],"enable_review":"","type":"","name":"","summary":"","brand":"","sku":"","good":[],"bad":[],"score_override":"","override_value":"","rating":[],"price":[],"jnews_override_counter":[],"jnews_post_split":[],"footnotes":""},"categories":[105,18],"tags":[],"class_list":["post-8125","post","type-post","status-publish","format-standard","has-post-thumbnail","hentry","category-conicet","category-nacionales"],"jetpack_featured_media_url":"https:\/\/atecordoba.org\/wp-content\/uploads\/2020\/05\/logo-nuevochico-e1561581322808.png","_links":{"self":[{"href":"https:\/\/atecordoba.org\/index.php?rest_route=\/wp\/v2\/posts\/8125","targetHints":{"allow":["GET"]}}],"collection":[{"href":"https:\/\/atecordoba.org\/index.php?rest_route=\/wp\/v2\/posts"}],"about":[{"href":"https:\/\/atecordoba.org\/index.php?rest_route=\/wp\/v2\/types\/post"}],"author":[{"embeddable":true,"href":"https:\/\/atecordoba.org\/index.php?rest_route=\/wp\/v2\/users\/1"}],"replies":[{"embeddable":true,"href":"https:\/\/atecordoba.org\/index.php?rest_route=%2Fwp%2Fv2%2Fcomments&post=8125"}],"version-history":[{"count":0,"href":"https:\/\/atecordoba.org\/index.php?rest_route=\/wp\/v2\/posts\/8125\/revisions"}],"wp:featuredmedia":[{"embeddable":true,"href":"https:\/\/atecordoba.org\/index.php?rest_route=\/wp\/v2\/media\/19220"}],"wp:attachment":[{"href":"https:\/\/atecordoba.org\/index.php?rest_route=%2Fwp%2Fv2%2Fmedia&parent=8125"}],"wp:term":[{"taxonomy":"category","embeddable":true,"href":"https:\/\/atecordoba.org\/index.php?rest_route=%2Fwp%2Fv2%2Fcategories&post=8125"},{"taxonomy":"post_tag","embeddable":true,"href":"https:\/\/atecordoba.org\/index.php?rest_route=%2Fwp%2Fv2%2Ftags&post=8125"}],"curies":[{"name":"wp","href":"https:\/\/api.w.org\/{rel}","templated":true}]}}