{"id":8121,"date":"2017-02-24T13:55:36","date_gmt":"2017-02-24T16:55:36","guid":{"rendered":"http:\/\/www.atecordoba.org\/?p=8121"},"modified":"2017-02-24T13:55:36","modified_gmt":"2017-02-24T16:55:36","slug":"se-cumple-un-ano-del-dia-que-los-estatales-llenaron-la-plaza-de-mayo","status":"publish","type":"post","link":"https:\/\/atecordoba.org\/?p=8121","title":{"rendered":"Se cumple un a\u00f1o del d\u00eda que los estatales llenaron la Plaza de Mayo"},"content":{"rendered":"<p><em>El 24 de febrero del a\u00f1o pasado&nbsp;50.000 trabajadores estatales llenaron la plaza para decir basta a los despidos.<\/em><\/p>\n<div class=\"epyt-video-wrapper\"><iframe loading=\"lazy\"  style=\"display: block; margin: 0px auto;\"  id=\"_ytid_49901\"  width=\"480\" height=\"270\"  data-origwidth=\"480\" data-origheight=\"270\" src=\"https:\/\/www.youtube.com\/embed\/aM5LCkR_10w?enablejsapi=1&#038;autoplay=0&#038;cc_load_policy=0&#038;cc_lang_pref=&#038;iv_load_policy=3&#038;loop=0&#038;rel=0&#038;fs=1&#038;playsinline=0&#038;autohide=2&#038;theme=dark&#038;color=red&#038;controls=1&#038;disablekb=0&#038;\" class=\"__youtube_prefs__  epyt-is-override  no-lazyload\" title=\"YouTube player\"  allow=\"fullscreen; accelerometer; autoplay; clipboard-write; encrypted-media; gyroscope; picture-in-picture; web-share\" referrerpolicy=\"strict-origin-when-cross-origin\" allowfullscreen data-no-lazy=\"1\" data-skipgform_ajax_framebjll=\"\"><\/iframe><\/div>\n<p><span class=\"\">El 24 de febrero de 2016, como nunca antes en su historia, la hist\u00f3rica Plaza de Mayo se convirti\u00f3 en la Plaza de los estatales, cuando m\u00e1s de 50.000 trabajadores bonaerenses y porte\u00f1os de ATE y otros sindicatos de trabajadores del Estado, junto a innumerables organizaciones sociales y pol\u00edticas, le dijeron basta a las pol\u00edticas antipopulares del gobierno de Cambiemos cuando a\u00fan no alcanzaba los tres meses de gesti\u00f3n.<\/span><\/p>\n<p class=\"texto\"><span class=\"\">Ese d\u00eda, desde la ma\u00f1ana miles y miles de pecheras verdes de ATE se entremezclaron con banderas e identificaciones de los m\u00e9dicos de la Federaci\u00f3n de Profesionales de la Salud (FESPROSA y CICOP), los profesores universitarios de la CONADU Hist\u00f3rica, los docentes de la Federaci\u00f3n Nacional Docente (FND) y los judiciales de la Federaci\u00f3n Judicial Argentina (FJA) en una concentraci\u00f3n que desafiaba el calor sofocante y presagiaba una jornada inolvidable.<\/span><\/p>\n<p class=\"texto\"><span class=\"\">Una enorme bandera de arrastre con las consignas y los nombres de los convocantes fue la cabecera de una columna que parec\u00eda no terminar nunca y que llen\u00f3 la hist\u00f3rica plaza con banderas argentinas, de los pueblos originarios, de agrupaciones sindicales y gremios solidarios, partidos pol\u00edticos e incontables sectores del Estado nacional, la provincia de Buenos Aires y el gobierno porte\u00f1o. Globos aerost\u00e1ticos, paraguas, carteles, murgas y los infaltables bombos y redoblantes daban marco a una movilizaci\u00f3n impresionante que se constituy\u00f3 en el primer grito fuerte de protesta a las pol\u00edticas del gobierno de Macri y de otros mandatarios, provinciales y municipales de distintos colores pol\u00edticos.<\/span><\/p>\n<p class=\"texto\"><span class=\"\">Desde el escenario montado a la altura de la pir\u00e1mide, el secretario general de ATE Nacional, Hugo Cachorro Godoy habl\u00f3 de la felicidad, en medio de tantas angustias generadas por los despidos, que daba la uni\u00f3n de los estatales movilizados en todo el pa\u00eds y la solidaridad de tantos sectores pol\u00edticos y gremiales.<\/span><\/p>\n<p class=\"texto\"><span class=\"\">\u201cModernizar no es sin\u00f3nimo de despidos, salarios de hambre y precariedad laboral. Lo que hay que hacer es construir un Estado democr\u00e1tico y solidario al servicio del pueblo argentino\u201d se\u00f1alaba Godoy desde un escenario colmado de dirigentes de ATE y los gremios estatales de la CTA Aut\u00f3noma acompa\u00f1ados por estibadores portuarios, periodistas de SIPREBA, trabajadores de Cresta Roja, ferroviarios, telef\u00f3nicos, empresas&nbsp; autogestionadas, organizaciones territoriales, ambientales y de derechos humanos.<\/span><\/p>\n<p class=\"texto\"><span class=\"\">\u201cHoy venimos a decirle al presidente Macri, a los gobernadores y a los intendentes que no vamos a permitir ning\u00fan despido m\u00e1s y que esta capacidad de pelea, de solidaridad, de organizaci\u00f3n y de unidad se va a multiplicar si no se abren las paritarias, si no se termina con la precariedad laboral, si no se logran aumentos dignos y si no se logra la recuperaci\u00f3n de todas y todos los trabajadores despedidos\u201d redonde\u00f3 su discurso el secretario general de ATE ante el estruendo de los petardos y el humo verde de la bengalas.<\/span><\/p>\n<p class=\"texto\"><span class=\"\">Pidiendo a gritos que miles de trabajadoras y trabajadores de los gobiernos nacional, provinciales y municipales sean reincorporados y no despidan a nadie mas, las cerca de 50.000 personas que en la ciudad de Buenos Aires coparon la Plaza de Mayo, as\u00ed como en cientos de plazas y esquinas de las principales ciudades argentina, se desconcentraron pac\u00edficamente con el \u00fanico \u201cprotocolo\u201d al que respond\u00edan: seguir con la lucha hasta alcanzar los objetivos.<\/span><\/p>\n<p class=\"texto\"><span class=\"\">Un a\u00f1o despu\u00e9s de esa gesta hist\u00f3rica, de siete paros nacionales m\u00e1s y de innumerables medidas de fuerza para frenar el achique del Estado, la lucha contin\u00faa.<\/span><\/p>\n<p class=\"texto\"><span class=\"\">El pr\u00f3ximo 6 y 7 de marzo los estatales saldr\u00e1n nuevamente a las calles contra el techo salarial y en defensa de los Convenios Colectivos, para evitar nuevos despidos y seguir reclamando por la reincorporaci\u00f3n de todos los compa\u00f1eros injustamente despedidos, contra la precarizaci\u00f3n laboral y por el derecho de los trabajadores municipales a tener salarios por encima del M\u00ednimo, Vital y M\u00f3vil.<\/span><\/p>\n<p class=\"texto\"><span class=\"\">A<\/span><span class=\"\">nsiosos de repetir la gesta y pararle la mano a un gobierno que no se cansa de atentar contra los derechos de los trabajadores.&nbsp;<\/span><\/p>\n","protected":false},"excerpt":{"rendered":"<p>El 24 de febrero del a\u00f1o pasado&nbsp;50.000 trabajadores estatales llenaron la plaza para decir basta a los despidos. El 24 de febrero de 2016, como nunca antes en su historia, la hist\u00f3rica Plaza de Mayo se convirti\u00f3 en la Plaza de los estatales, cuando m\u00e1s de 50.000 trabajadores bonaerenses y porte\u00f1os de ATE y otros [&hellip;]<\/p>\n","protected":false},"author":1,"featured_media":19220,"comment_status":"open","ping_status":"open","sticky":false,"template":"","format":"standard","meta":{"_exactmetrics_skip_tracking":false,"_exactmetrics_sitenote_active":false,"_exactmetrics_sitenote_note":"","_exactmetrics_sitenote_category":0,"jnews-multi-image_gallery":[],"jnews_single_post":[],"jnews_primary_category":[],"jnews_social_meta":[],"jnews_review":[],"enable_review":"","type":"","name":"","summary":"","brand":"","sku":"","good":[],"bad":[],"score_override":"","override_value":"","rating":[],"price":[],"jnews_override_counter":[],"jnews_post_split":[],"footnotes":""},"categories":[10,21],"tags":[],"class_list":["post-8121","post","type-post","status-publish","format-standard","has-post-thumbnail","hentry","category-accion-politica","category-paro-nacional"],"jetpack_featured_media_url":"https:\/\/atecordoba.org\/wp-content\/uploads\/2020\/05\/logo-nuevochico-e1561581322808.png","_links":{"self":[{"href":"https:\/\/atecordoba.org\/index.php?rest_route=\/wp\/v2\/posts\/8121","targetHints":{"allow":["GET"]}}],"collection":[{"href":"https:\/\/atecordoba.org\/index.php?rest_route=\/wp\/v2\/posts"}],"about":[{"href":"https:\/\/atecordoba.org\/index.php?rest_route=\/wp\/v2\/types\/post"}],"author":[{"embeddable":true,"href":"https:\/\/atecordoba.org\/index.php?rest_route=\/wp\/v2\/users\/1"}],"replies":[{"embeddable":true,"href":"https:\/\/atecordoba.org\/index.php?rest_route=%2Fwp%2Fv2%2Fcomments&post=8121"}],"version-history":[{"count":0,"href":"https:\/\/atecordoba.org\/index.php?rest_route=\/wp\/v2\/posts\/8121\/revisions"}],"wp:featuredmedia":[{"embeddable":true,"href":"https:\/\/atecordoba.org\/index.php?rest_route=\/wp\/v2\/media\/19220"}],"wp:attachment":[{"href":"https:\/\/atecordoba.org\/index.php?rest_route=%2Fwp%2Fv2%2Fmedia&parent=8121"}],"wp:term":[{"taxonomy":"category","embeddable":true,"href":"https:\/\/atecordoba.org\/index.php?rest_route=%2Fwp%2Fv2%2Fcategories&post=8121"},{"taxonomy":"post_tag","embeddable":true,"href":"https:\/\/atecordoba.org\/index.php?rest_route=%2Fwp%2Fv2%2Ftags&post=8121"}],"curies":[{"name":"wp","href":"https:\/\/api.w.org\/{rel}","templated":true}]}}