{"id":8117,"date":"2017-02-24T11:47:31","date_gmt":"2017-02-24T14:47:31","guid":{"rendered":"http:\/\/www.atecordoba.org\/?p=8117"},"modified":"2017-02-24T11:47:31","modified_gmt":"2017-02-24T14:47:31","slug":"ate-indec-la-inflacion-del-2016-elevo-el-valor-de-la-canasta-familiar-a-21-286-pesos-para-capital-federal","status":"publish","type":"post","link":"https:\/\/atecordoba.org\/?p=8117","title":{"rendered":"ATE-INDEC: la inflaci\u00f3n del 2016 elev\u00f3 el valor de la canasta familiar a 21.286 pesos para Capital Federal"},"content":{"rendered":"<p><em>La junta interna del organismo de estad\u00edsticas nacional subray\u00f3 que este es el resultado para un hogar constituido por una pareja con dos hijos menores. En C\u00f3rdoba calculan una canasta de 19.243,3<\/em><\/p>\n<p><img loading=\"lazy\" decoding=\"async\" class=\"aligncenter size-full wp-image-8118\" src=\"http:\/\/www.atecordoba.org\/wp-content\/uploads\/2017\/02\/indec-conferencia-de-prensa-23-2-e1487947557495.jpg\" alt=\"\" width=\"550\" height=\"350\"><\/p>\n<p>Desde la Junta Interna de la ATE en el INDEC se\u00f1alaron que por el salto inflacionario habido durante el primer a\u00f1o de gesti\u00f3n de Mauricio Macri, el valor de la canasta familiar al mes de diciembre 2016, para la Regi\u00f3n Metropolitana concluy\u00f3 con un estimativo de 21.286,8 pesos. \u201cEn cualquier caso, ning\u00fan trabajador deber\u00eda ganar de bolsillo menos que el valor calculado en este ejercicio\u201d, subrayaron los compa\u00f1eros del sector.<\/p>\n<p><span style=\"font-style: inherit; font-weight: inherit;\">Este resultado se referencia tomando la inflaci\u00f3n anual que el INDEC ha calculado en 39,3% para el a\u00f1o 2016 (Enero-abril CABA, mayo- diciembre INDEC). Este dato es concordante con el de las Direcciones Provinciales de Estad\u00edstica que han continuado con sus mediciones de \u00edndices de precios m\u00e1s all\u00e1 de los 9 a\u00f1os de intervenci\u00f3n del INDEC. Este conjunto muestra, para el a\u00f1o 2016 resultados que llegan, en promedio, al 36 % de inflaci\u00f3n acumulada y en el caso de CABA alcanza el 41%.<\/span><\/p>\n<p><span style=\"font-style: inherit; font-weight: inherit;\">Ahora que la intenci\u00f3n de los gobiernos nacional, provinciales y municipales es ofrecer, en cuotas, un aumento de 17%, para la ATE-INDEC \u201cel &nbsp;presente ejercicio tiene por finalidad fijar una referencia con la cual los gremios puedan asistir a la pr\u00f3xima discusi\u00f3n paritaria &nbsp;para plantear cual debe ser &nbsp;la pauta salarial para el corriente a\u00f1o\u201d. \u201cEste ejercicio de estimaci\u00f3n se acerca a los valores requeridos para cubrir las necesidades de los trabajadores y trabajadoras y su n\u00facleo familiar\u201d, destacaron.<\/span><\/p>\n<p><span style=\"font-style: inherit; font-weight: inherit;\">En cuanto al fin de la intervenci\u00f3n al organismo los compa\u00f1eros del sector enfatizaron que \u201cponiendo entre par\u00e9ntesis la manipulaci\u00f3n de los resultados y la destrucci\u00f3n de las metodolog\u00edas en uso por parte de la intervenci\u00f3n del INDEC, en esta etapa, y como resultado, en el INDEC, de la lucha llevada adelante en defensa de las estad\u00edsticas p\u00fablicas por sus trabajadores y trabajadoras, se han podido recuperar elementos t\u00e9cnicos importantes. Por de pronto, la veracidad de los principales datos que hacen a la realidad socioecon\u00f3mica, pero tambi\u00e9n anteriores desarrollos metodol\u00f3gicos\u201d.<\/span><\/p>\n<p><span style=\"font-style: inherit; font-weight: inherit;\">En los siguientes 2 cuadros se ofrecen los datos que arrojan el valor total de la canasta familiar, establecido para el mes de diciembre 2016, &nbsp;para la regi\u00f3n metropolitana y las dem\u00e1s regiones del pa\u00eds. &nbsp;<\/span><\/p>\n<p><img loading=\"lazy\" decoding=\"async\" class=\"aligncenter size-full wp-image-8119\" src=\"http:\/\/www.atecordoba.org\/wp-content\/uploads\/2017\/02\/estadistica-1-e1487947597236.jpg\" alt=\"\" width=\"550\" height=\"465\"><\/p>\n","protected":false},"excerpt":{"rendered":"<p>La junta interna del organismo de estad\u00edsticas nacional subray\u00f3 que este es el resultado para un hogar constituido por una pareja con dos hijos menores. En C\u00f3rdoba calculan una canasta de 19.243,3 Desde la Junta Interna de la ATE en el INDEC se\u00f1alaron que por el salto inflacionario habido durante el primer a\u00f1o de gesti\u00f3n [&hellip;]<\/p>\n","protected":false},"author":1,"featured_media":19220,"comment_status":"open","ping_status":"open","sticky":false,"template":"","format":"standard","meta":{"_exactmetrics_skip_tracking":false,"_exactmetrics_sitenote_active":false,"_exactmetrics_sitenote_note":"","_exactmetrics_sitenote_category":0,"jnews-multi-image_gallery":[],"jnews_single_post":[],"jnews_primary_category":[],"jnews_social_meta":[],"jnews_review":[],"enable_review":"","type":"","name":"","summary":"","brand":"","sku":"","good":[],"bad":[],"score_override":"","override_value":"","rating":[],"price":[],"jnews_override_counter":[],"jnews_post_split":[],"footnotes":""},"categories":[10,125,18],"tags":[],"class_list":["post-8117","post","type-post","status-publish","format-standard","has-post-thumbnail","hentry","category-accion-politica","category-indec","category-nacionales"],"jetpack_featured_media_url":"https:\/\/atecordoba.org\/wp-content\/uploads\/2020\/05\/logo-nuevochico-e1561581322808.png","_links":{"self":[{"href":"https:\/\/atecordoba.org\/index.php?rest_route=\/wp\/v2\/posts\/8117","targetHints":{"allow":["GET"]}}],"collection":[{"href":"https:\/\/atecordoba.org\/index.php?rest_route=\/wp\/v2\/posts"}],"about":[{"href":"https:\/\/atecordoba.org\/index.php?rest_route=\/wp\/v2\/types\/post"}],"author":[{"embeddable":true,"href":"https:\/\/atecordoba.org\/index.php?rest_route=\/wp\/v2\/users\/1"}],"replies":[{"embeddable":true,"href":"https:\/\/atecordoba.org\/index.php?rest_route=%2Fwp%2Fv2%2Fcomments&post=8117"}],"version-history":[{"count":0,"href":"https:\/\/atecordoba.org\/index.php?rest_route=\/wp\/v2\/posts\/8117\/revisions"}],"wp:featuredmedia":[{"embeddable":true,"href":"https:\/\/atecordoba.org\/index.php?rest_route=\/wp\/v2\/media\/19220"}],"wp:attachment":[{"href":"https:\/\/atecordoba.org\/index.php?rest_route=%2Fwp%2Fv2%2Fmedia&parent=8117"}],"wp:term":[{"taxonomy":"category","embeddable":true,"href":"https:\/\/atecordoba.org\/index.php?rest_route=%2Fwp%2Fv2%2Fcategories&post=8117"},{"taxonomy":"post_tag","embeddable":true,"href":"https:\/\/atecordoba.org\/index.php?rest_route=%2Fwp%2Fv2%2Ftags&post=8117"}],"curies":[{"name":"wp","href":"https:\/\/api.w.org\/{rel}","templated":true}]}}