{"id":8106,"date":"2017-02-24T11:18:54","date_gmt":"2017-02-24T14:18:54","guid":{"rendered":"http:\/\/www.atecordoba.org\/?p=8106"},"modified":"2017-02-24T11:18:54","modified_gmt":"2017-02-24T14:18:54","slug":"la-cnrt-eligio-delegados-de-ate","status":"publish","type":"post","link":"https:\/\/atecordoba.org\/?p=8106","title":{"rendered":"La CNRT eligi\u00f3 delegados de ATE"},"content":{"rendered":"<p><em>Los trabajadores de la Comisi\u00f3n Nacional de Regulaci\u00f3n del Transporte eligi\u00f3 a Raul Fonseca, que repite mandato por los pr\u00f3ximos dos a\u00f1os.<\/em><\/p>\n<p><img loading=\"lazy\" decoding=\"async\" class=\"aligncenter size-full wp-image-8108\" src=\"http:\/\/www.atecordoba.org\/wp-content\/uploads\/2017\/02\/delegados-2-e1487945846329.jpeg\" alt=\"\" width=\"413\" height=\"550\"><\/p>\n<p>El compa\u00f1ero Fonseca recibi\u00f3 un amplio apoyo de los empleados del sector para continuar ejerciendo como representante gremial. La elecci\u00f3n se llev\u00f3 a cabo el pasado 21 de febrero.<\/p>\n<p><img loading=\"lazy\" decoding=\"async\" class=\"aligncenter size-full wp-image-8112\" src=\"http:\/\/www.atecordoba.org\/wp-content\/uploads\/2017\/02\/delegados-1-e1487946271130.jpeg\" alt=\"\" width=\"413\" height=\"550\"><\/p>\n<p><img loading=\"lazy\" decoding=\"async\" class=\"aligncenter size-full wp-image-8109\" src=\"http:\/\/www.atecordoba.org\/wp-content\/uploads\/2017\/02\/delegados-3-e1487945868675.jpeg\" alt=\"\" width=\"413\" height=\"550\"><\/p>\n","protected":false},"excerpt":{"rendered":"<p>Los trabajadores de la Comisi\u00f3n Nacional de Regulaci\u00f3n del Transporte eligi\u00f3 a Raul Fonseca, que repite mandato por los pr\u00f3ximos dos a\u00f1os. El compa\u00f1ero Fonseca recibi\u00f3 un amplio apoyo de los empleados del sector para continuar ejerciendo como representante gremial. La elecci\u00f3n se llev\u00f3 a cabo el pasado 21 de febrero.<\/p>\n","protected":false},"author":1,"featured_media":19220,"comment_status":"open","ping_status":"open","sticky":false,"template":"","format":"standard","meta":{"_exactmetrics_skip_tracking":false,"_exactmetrics_sitenote_active":false,"_exactmetrics_sitenote_note":"","_exactmetrics_sitenote_category":0,"jnews-multi-image_gallery":[],"jnews_single_post":[],"jnews_primary_category":[],"jnews_social_meta":[],"jnews_review":[],"enable_review":"","type":"","name":"","summary":"","brand":"","sku":"","good":[],"bad":[],"score_override":"","override_value":"","rating":[],"price":[],"jnews_override_counter":[],"jnews_post_split":[],"footnotes":""},"categories":[134,18],"tags":[],"class_list":["post-8106","post","type-post","status-publish","format-standard","has-post-thumbnail","hentry","category-cnrt","category-nacionales"],"jetpack_featured_media_url":"https:\/\/atecordoba.org\/wp-content\/uploads\/2020\/05\/logo-nuevochico-e1561581322808.png","_links":{"self":[{"href":"https:\/\/atecordoba.org\/index.php?rest_route=\/wp\/v2\/posts\/8106","targetHints":{"allow":["GET"]}}],"collection":[{"href":"https:\/\/atecordoba.org\/index.php?rest_route=\/wp\/v2\/posts"}],"about":[{"href":"https:\/\/atecordoba.org\/index.php?rest_route=\/wp\/v2\/types\/post"}],"author":[{"embeddable":true,"href":"https:\/\/atecordoba.org\/index.php?rest_route=\/wp\/v2\/users\/1"}],"replies":[{"embeddable":true,"href":"https:\/\/atecordoba.org\/index.php?rest_route=%2Fwp%2Fv2%2Fcomments&post=8106"}],"version-history":[{"count":0,"href":"https:\/\/atecordoba.org\/index.php?rest_route=\/wp\/v2\/posts\/8106\/revisions"}],"wp:featuredmedia":[{"embeddable":true,"href":"https:\/\/atecordoba.org\/index.php?rest_route=\/wp\/v2\/media\/19220"}],"wp:attachment":[{"href":"https:\/\/atecordoba.org\/index.php?rest_route=%2Fwp%2Fv2%2Fmedia&parent=8106"}],"wp:term":[{"taxonomy":"category","embeddable":true,"href":"https:\/\/atecordoba.org\/index.php?rest_route=%2Fwp%2Fv2%2Fcategories&post=8106"},{"taxonomy":"post_tag","embeddable":true,"href":"https:\/\/atecordoba.org\/index.php?rest_route=%2Fwp%2Fv2%2Ftags&post=8106"}],"curies":[{"name":"wp","href":"https:\/\/api.w.org\/{rel}","templated":true}]}}