{"id":8100,"date":"2017-02-23T17:16:09","date_gmt":"2017-02-23T20:16:09","guid":{"rendered":"http:\/\/www.atecordoba.org\/?p=8100"},"modified":"2017-02-23T17:16:09","modified_gmt":"2017-02-23T20:16:09","slug":"juez-multa-a-una-comuna-por-no-pagar-el-salario-a-una-delegada-de-ate","status":"publish","type":"post","link":"https:\/\/atecordoba.org\/?p=8100","title":{"rendered":"Juez multa a una comuna por no pagar el salario a una delegada de ATE"},"content":{"rendered":"<p><em>La jefa comunal Nicolasa Dominguez, de la comuna Los Talares del Valle de Traslasierra, debe seis meses de sueldo a la delegada de ATE en el lugar.<\/em><\/p>\n<p><img loading=\"lazy\" decoding=\"async\" class=\"aligncenter size-full wp-image-8101\" src=\"http:\/\/www.atecordoba.org\/wp-content\/uploads\/2017\/02\/comuna-los-talares.jpeg\" alt=\"\" width=\"550\" height=\"413\"><\/p>\n<p>Se trata de la misma funcionaria que debi\u00f3 ser obligada a reincorporar a la compa\u00f1era Natalia Tello. Debido a que la comuna Los Talares se neg\u00f3 a pagar el salario de la compa\u00f1era, el equipo jur\u00eddico de ATE interpuso un recurso ante el juez de Cura Brochero, que el a\u00f1o pasado orden\u00f3 la reinstalaci\u00f3n.<\/p>\n<p>Ahora, el magistrado resolvi\u00f3 que la peque\u00f1a comuna deber\u00e1 pagar una multa de 23 mil pesos a la delegada por adem\u00e1s de pagarle los salarios en deuda desde septiembre pasado. \u201cCuando la Jefa Comunal acept\u00f3 reincorporar a la compa\u00f1era en el mismo acto se neg\u00f3 a pagar sus haberes, lo que nos oblig\u00f3 a ir nuevamente a la justicia a reclamar por un derecho b\u00e1sico de todo trabajador como es el cobro del salario, lo contrario ser\u00eda admitir una situaci\u00f3n propia de la \u00e9poca de la esclavitud y no del siglo XXI\u201d, resumi\u00f3 la abogada de ATE, Mar\u00eda Terragno.<\/p>\n<p>La irresponsabilidad y falta de todo criterio de gobierno de Dom\u00ednguez, desconociendo la legislaci\u00f3n vigente, oblig\u00f3 a nuestro gremio a llegar a la instancia judicial una situaci\u00f3n que debi\u00f3 solucionarse con di\u00e1logo, como propuso ATE desde el comienzo del conflicto.<\/p>\n<p>El perjuicio a las finanzas comunales es exclusiva responsabilidad de Dom\u00ednguez, mientras que ATE, a trav\u00e9s de la resoluci\u00f3n judicial, vio ratificada una vez m\u00e1s la representatividad de los trabajadores municipales de la localidad.<\/p>\n","protected":false},"excerpt":{"rendered":"<p>La jefa comunal Nicolasa Dominguez, de la comuna Los Talares del Valle de Traslasierra, debe seis meses de sueldo a la delegada de ATE en el lugar. Se trata de la misma funcionaria que debi\u00f3 ser obligada a reincorporar a la compa\u00f1era Natalia Tello. Debido a que la comuna Los Talares se neg\u00f3 a pagar [&hellip;]<\/p>\n","protected":false},"author":1,"featured_media":19220,"comment_status":"open","ping_status":"open","sticky":false,"template":"","format":"standard","meta":{"_exactmetrics_skip_tracking":false,"_exactmetrics_sitenote_active":false,"_exactmetrics_sitenote_note":"","_exactmetrics_sitenote_category":0,"jnews-multi-image_gallery":[],"jnews_single_post":[],"jnews_primary_category":[],"jnews_social_meta":[],"jnews_review":[],"enable_review":"","type":"","name":"","summary":"","brand":"","sku":"","good":[],"bad":[],"score_override":"","override_value":"","rating":[],"price":[],"jnews_override_counter":[],"jnews_post_split":[],"footnotes":""},"categories":[20],"tags":[],"class_list":["post-8100","post","type-post","status-publish","format-standard","has-post-thumbnail","hentry","category-municipales"],"jetpack_featured_media_url":"https:\/\/atecordoba.org\/wp-content\/uploads\/2020\/05\/logo-nuevochico-e1561581322808.png","_links":{"self":[{"href":"https:\/\/atecordoba.org\/index.php?rest_route=\/wp\/v2\/posts\/8100","targetHints":{"allow":["GET"]}}],"collection":[{"href":"https:\/\/atecordoba.org\/index.php?rest_route=\/wp\/v2\/posts"}],"about":[{"href":"https:\/\/atecordoba.org\/index.php?rest_route=\/wp\/v2\/types\/post"}],"author":[{"embeddable":true,"href":"https:\/\/atecordoba.org\/index.php?rest_route=\/wp\/v2\/users\/1"}],"replies":[{"embeddable":true,"href":"https:\/\/atecordoba.org\/index.php?rest_route=%2Fwp%2Fv2%2Fcomments&post=8100"}],"version-history":[{"count":0,"href":"https:\/\/atecordoba.org\/index.php?rest_route=\/wp\/v2\/posts\/8100\/revisions"}],"wp:featuredmedia":[{"embeddable":true,"href":"https:\/\/atecordoba.org\/index.php?rest_route=\/wp\/v2\/media\/19220"}],"wp:attachment":[{"href":"https:\/\/atecordoba.org\/index.php?rest_route=%2Fwp%2Fv2%2Fmedia&parent=8100"}],"wp:term":[{"taxonomy":"category","embeddable":true,"href":"https:\/\/atecordoba.org\/index.php?rest_route=%2Fwp%2Fv2%2Fcategories&post=8100"},{"taxonomy":"post_tag","embeddable":true,"href":"https:\/\/atecordoba.org\/index.php?rest_route=%2Fwp%2Fv2%2Ftags&post=8100"}],"curies":[{"name":"wp","href":"https:\/\/api.w.org\/{rel}","templated":true}]}}