{"id":8098,"date":"2017-02-23T15:23:36","date_gmt":"2017-02-23T18:23:36","guid":{"rendered":"http:\/\/www.atecordoba.org\/?p=8098"},"modified":"2017-02-23T15:23:36","modified_gmt":"2017-02-23T18:23:36","slug":"asamblea-en-el-inti-ratifico-adhesion-al-paro-nacional-de-ate","status":"publish","type":"post","link":"https:\/\/atecordoba.org\/?p=8098","title":{"rendered":"Asamblea en el INTI ratific\u00f3 adhesi\u00f3n al paro nacional de ATE"},"content":{"rendered":"<p><em>Los trabajadores del Centro Regional C\u00f3rdoba del INTI realizaron una&nbsp;asamblea&nbsp;ayer para ratificar la adhesi\u00f3n del sector a la jornada de paro nacional dispuesto por nuestra organizaci\u00f3n.&nbsp;<\/em><\/p>\n<p><img loading=\"lazy\" decoding=\"async\" class=\"aligncenter size-full wp-image-8104\" src=\"http:\/\/www.atecordoba.org\/wp-content\/uploads\/2017\/02\/IMG-20170223-WA0066.jpg\" alt=\"\" width=\"480\" height=\"360\"><\/p>\n<p>&nbsp;<\/p>\n<p>La asamblea llevada a cabo en la sede provincial del Instituto Nacional de Tecnolog\u00eda Industrial (INTI) resolvi\u00f3 realizar el paro con movilizaci\u00f3n del 6 de marzo para reclamar &#8220;apertura de paritarias y rechazar el 18% de tope que pretende el gobierno para el reajuste de los salarios&#8221;.<\/p>\n<p>As\u00ed tambi\u00e9n los trabajadores &nbsp;decidieron adherir al reclamo de los compa\u00f1eros de CONICET: no al recorte de ciencia y t\u00e9cnica y reincorporaci\u00f3n de los becarios cuya evaluaci\u00f3n fue positiva y &#8220;apoyar el reclamo de los trabajadores de AGR-Clar\u00edn, para que reincorporen a todos los despedidos&#8221;.<\/p>\n<p>Respecto a la situaci\u00f3n espec\u00edfica del INTI la asamblea expres\u00f3 la necesidad que:&nbsp;<\/p>\n<ul>\n<li>Se haga efectiva la disposici\u00f3n&nbsp;452\/16, que establece el aumento de zona, ya que las liquidaciones de salarios no se ajustan a la misma, vi\u00e9ndose reducido los haberes injustamente.<\/li>\n<li>Se actualice el tope de reintegro de gastos de transporte&nbsp;que se encuentra en $1500 desde hace varios a\u00f1os.<\/li>\n<\/ul>\n<p>Sin olvidar los reclamos hist\u00f3ricos:<\/p>\n<ul>\n<li>Exigir pase a la planta permanente&nbsp;a todos los trabajadores de la instituci\u00f3n, con el criterio de dar prioridad en funci\u00f3n de su antig\u00fcedad, sin resignar carrera laboral.<\/li>\n<li>Rechazo de&nbsp;cualquier tipo de despido.<\/li>\n<li>Eliminaci\u00f3n mecanismos de precarizaci\u00f3n&nbsp;en el v\u00ednculo laboral entre el Estado empleador y el personal del INTI. Se exigi\u00f3 que el personal que luego de haber estado en calidad de Becario o el personal nuevo que se incorpore a trabajar a la instituci\u00f3n lo haga bajo la modalidad que se ven\u00eda sosteniendo (LCT).<\/li>\n<li>Incorporaci\u00f3n de los trabajadores que ya ten\u00edan fecha de ingreso fijada y se respeten los compromisos asumidos, toda vez que el INTI ha suspendido el ingreso de un agente<\/li>\n<li>Se garantice un servicio de almuerzo&nbsp;en igualdad de condiciones para todos los compa\u00f1eros del interior.<\/li>\n<\/ul>\n","protected":false},"excerpt":{"rendered":"<p>Los trabajadores del Centro Regional C\u00f3rdoba del INTI realizaron una&nbsp;asamblea&nbsp;ayer para ratificar la adhesi\u00f3n del sector a la jornada de paro nacional dispuesto por nuestra organizaci\u00f3n.&nbsp; &nbsp; La asamblea llevada a cabo en la sede provincial del Instituto Nacional de Tecnolog\u00eda Industrial (INTI) resolvi\u00f3 realizar el paro con movilizaci\u00f3n del 6 de marzo para reclamar [&hellip;]<\/p>\n","protected":false},"author":1,"featured_media":19220,"comment_status":"open","ping_status":"open","sticky":false,"template":"","format":"standard","meta":{"_exactmetrics_skip_tracking":false,"_exactmetrics_sitenote_active":false,"_exactmetrics_sitenote_note":"","_exactmetrics_sitenote_category":0,"jnews-multi-image_gallery":[],"jnews_single_post":[],"jnews_primary_category":[],"jnews_social_meta":[],"jnews_review":[],"enable_review":"","type":"","name":"","summary":"","brand":"","sku":"","good":[],"bad":[],"score_override":"","override_value":"","rating":[],"price":[],"jnews_override_counter":[],"jnews_post_split":[],"footnotes":""},"categories":[100,18],"tags":[],"class_list":["post-8098","post","type-post","status-publish","format-standard","has-post-thumbnail","hentry","category-inti","category-nacionales"],"jetpack_featured_media_url":"https:\/\/atecordoba.org\/wp-content\/uploads\/2020\/05\/logo-nuevochico-e1561581322808.png","_links":{"self":[{"href":"https:\/\/atecordoba.org\/index.php?rest_route=\/wp\/v2\/posts\/8098","targetHints":{"allow":["GET"]}}],"collection":[{"href":"https:\/\/atecordoba.org\/index.php?rest_route=\/wp\/v2\/posts"}],"about":[{"href":"https:\/\/atecordoba.org\/index.php?rest_route=\/wp\/v2\/types\/post"}],"author":[{"embeddable":true,"href":"https:\/\/atecordoba.org\/index.php?rest_route=\/wp\/v2\/users\/1"}],"replies":[{"embeddable":true,"href":"https:\/\/atecordoba.org\/index.php?rest_route=%2Fwp%2Fv2%2Fcomments&post=8098"}],"version-history":[{"count":0,"href":"https:\/\/atecordoba.org\/index.php?rest_route=\/wp\/v2\/posts\/8098\/revisions"}],"wp:featuredmedia":[{"embeddable":true,"href":"https:\/\/atecordoba.org\/index.php?rest_route=\/wp\/v2\/media\/19220"}],"wp:attachment":[{"href":"https:\/\/atecordoba.org\/index.php?rest_route=%2Fwp%2Fv2%2Fmedia&parent=8098"}],"wp:term":[{"taxonomy":"category","embeddable":true,"href":"https:\/\/atecordoba.org\/index.php?rest_route=%2Fwp%2Fv2%2Fcategories&post=8098"},{"taxonomy":"post_tag","embeddable":true,"href":"https:\/\/atecordoba.org\/index.php?rest_route=%2Fwp%2Fv2%2Ftags&post=8098"}],"curies":[{"name":"wp","href":"https:\/\/api.w.org\/{rel}","templated":true}]}}