{"id":8093,"date":"2017-02-23T14:50:32","date_gmt":"2017-02-23T17:50:32","guid":{"rendered":"http:\/\/www.atecordoba.org\/?p=8093"},"modified":"2017-02-23T14:50:32","modified_gmt":"2017-02-23T17:50:32","slug":"estatales-y-docentes-reunidos-para-enfrentar-el-ajuste","status":"publish","type":"post","link":"https:\/\/atecordoba.org\/?p=8093","title":{"rendered":"Estatales y docentes reunidos para enfrentar el ajuste"},"content":{"rendered":"<p><em>En conferencia de prensa, gremios estatales y docentes del Estado Nacional, provinciales y municipales anunciaron medidas de fuerza. La secretaria General del Consejo Directivo Provincial, Mar\u00eda Liliana Salerno, estuvo presente en representaci\u00f3n de C\u00f3rdoba.&nbsp;<\/em><\/p>\n<p><img loading=\"lazy\" decoding=\"async\" class=\"aligncenter size-full wp-image-8094\" src=\"http:\/\/www.atecordoba.org\/wp-content\/uploads\/2017\/02\/conferencia-2-e1487872067448.jpg\" alt=\"\" width=\"550\" height=\"365\"><\/p>\n<p>Dirigentes de una gran cantidad de organizaciones sindicales de todo el pa\u00eds se reunieron para concretar la decisi\u00f3n de unificar las luchas frente a las medidas neoliberales del Gobierno de Macri y de los Gobernadores e Intendentes que siguen las recetas del ajuste. Tras la reuni\u00f3n, dieron una conferencia de prensa para anunciar la decisi\u00f3n de respaldar y acompa\u00f1ar todas las medidas de fuerza llevadas adelante por los gremios de la CONAGRES (Coordinadora Nacional de Gremios Estatales).<\/p>\n<p><span style=\"font-style: inherit; font-weight: inherit;\">Algunos de los dirigentes presentes en la conferencia fueron: Diego Ainsuain, de FESPROSA; Luis Tiscornia, de la CONADU Hist\u00f3rica; Alberto Cepeda, del SINPOPE; Liliana Larraniaga, de APPAMIA; C\u00e9sar Gonz\u00e1lez, del Sindicato de Trabajadores Viales y Afines de la Rep\u00fablica Argentina; Eduardo G\u00f3mez, de SUTEBA Berazategui; Idelmar Seillant, del SUPTTIOMA; Ricardo Vernazza, del SAdeM; Nora Baus, de UTERA; Eduardo Mi\u00f1o, de la Federaci\u00f3n Nacional Docente; Leonardo Fabre, de APOPS; y Hugo \u2018Cachorro\u2019 Godoy, de ATE.<\/span><\/p>\n<p>Nuestra secretaria General, Mar\u00eda Liliana Salerno, estuve presente durante la importante jornada de ayer en representaci\u00f3n de ATE C\u00f3rdoba.<\/p>\n<p><img loading=\"lazy\" decoding=\"async\" class=\"aligncenter size-full wp-image-8095\" src=\"http:\/\/www.atecordoba.org\/wp-content\/uploads\/2017\/02\/conferencia-1-e1487872133852.jpg\" alt=\"\" width=\"550\" height=\"365\"><\/p>\n<p><span style=\"font-style: inherit; font-weight: inherit;\">Frente a los medios, el Secretario General de ATE Nacional, Hugo \u2018Cachorro\u2019 Godoy, dijo: \u201cEn el d\u00eda de hoy, trabajadores estatales y docentes de todo el pa\u00eds, tanto del Estado Nacional, como de los provinciales y los municipales, queremos informar la decisi\u00f3n de nuestras organizaciones gremiales de unir y coordinar fuertemente nuestras acciones a partir de este momento, recuperando el esp\u00edritu y el sentido de fuerte unidad de la CONAGRES. Esta herramienta, que tuvimos que crear los estatales para unir nuestras fuerzas en los a\u00f1os \u201990 y que tuvimos que sostener firmemente en los \u00faltimos a\u00f1os para pelear frente al anterior Gobierno los justos reclamos que ten\u00edamos, hoy vuelve a unir nuestras fuerzas para enfrentar la violenta, descarnada y brutal agresi\u00f3n del Gobierno del Presidente Macri y de los Gobernadores que se subordinan a esa pol\u00edtica econ\u00f3mica que atenta contra los intereses de los trabajadores y de las trabajadoras en todo el pa\u00eds\u201d.<\/span><\/p>\n<p><span style=\"font-style: inherit; font-weight: inherit;\">Godoy continu\u00f3: \u201cNos enfrentamos a esas pol\u00edticas que quieren destruir al Estado Nacional, as\u00ed como a los estados provinciales y municipales, reduci\u00e9ndolos a simples estructuras al servicio del enriquecimiento de un grupo privilegiado de empresarios, principalmente de empresas transnacionales, y que, para ello, est\u00e1 destruyendo programas fundamentales del Estado Nacional que tienen que ver con las necesidades sociales de nuestro pueblo. Esto pasa en el plano de la educaci\u00f3n, de la salud, de la previsi\u00f3n social, y tambi\u00e9n est\u00e1 avanzando sobre los intereses de los trabajadores estatales. Porque nos quieren imponer un techo a la discusi\u00f3n paritaria. Lo que quieren es no s\u00f3lo que los trabajadores aceptemos la p\u00e9rdida de poder adquisitivo que tuvimos el a\u00f1o pasado, sino que adem\u00e1s aceptemos volver a perder este a\u00f1o en la discusi\u00f3n paritaria\u201d.<\/span><\/p>\n<div class=\"epyt-video-wrapper\"><iframe loading=\"lazy\"  style=\"display: block; margin: 0px auto;\"  id=\"_ytid_80959\"  width=\"480\" height=\"270\"  data-origwidth=\"480\" data-origheight=\"270\" src=\"https:\/\/www.youtube.com\/embed\/r3jOR8rqa64?enablejsapi=1&#038;autoplay=0&#038;cc_load_policy=0&#038;cc_lang_pref=&#038;iv_load_policy=3&#038;loop=0&#038;rel=0&#038;fs=1&#038;playsinline=0&#038;autohide=2&#038;theme=dark&#038;color=red&#038;controls=1&#038;disablekb=0&#038;\" class=\"__youtube_prefs__  epyt-is-override  no-lazyload\" title=\"YouTube player\"  allow=\"fullscreen; accelerometer; autoplay; clipboard-write; encrypted-media; gyroscope; picture-in-picture; web-share\" referrerpolicy=\"strict-origin-when-cross-origin\" allowfullscreen data-no-lazy=\"1\" data-skipgform_ajax_framebjll=\"\"><\/iframe><\/div>\n<p><span style=\"font-style: inherit; font-weight: inherit;\">El dirigente nacional de ATE luego analiz\u00f3: \u201cNos unimos para reclamar aumentos dignos que nos permitan no solamente no seguir perdiendo, sino tambi\u00e9n poder recuperar poder adquisitivo en nuestros salarios. Nos unimos tambi\u00e9n en defensa de los puestos de trabajo, por lo que seguimos reclamando el cese de los despidos y la reincorporaci\u00f3n de todos los trabajadores y trabajadoras despedidos. De la misma manera reclamamos el pase a planta permanente de todos los trabajadores precarizados y que se termine con la precariedad laboral. Y exigimos al Gobierno que cese con las agresiones y con la pol\u00edtica que pretende destruir el sistema previsional p\u00fablico y solidario en la Argentina. Expresamos tambi\u00e9n nuestro repudio a la decisi\u00f3n gubernamental de iniciar juicio pol\u00edtico a los camaristas que lo \u00fanico que hicieron fue cumplir con la ley: El Gobierno atenta contra la independencia del Poder Judicial queriendo procesar a los camaristas que reconocieron el derecho de los trabajadores bancarios que firmaron un Convenio Colectivo de Trabajo. Los CCT que se firman tienen fuerza de ley, y vamos a seguir sosteniendo este derecho. De la misma manera, repudiamos la actitud subordinada de la C\u00e1mara de la Provincia de Buenos Aires, que respald\u00f3 el descuento masivo a los trabajadores docentes y estatales de esa provincia que pelearon con paros para defender sus derechos del mismo modo que vamos a seguir haci\u00e9ndolo nosotros\u201d.<\/span><\/p>\n<p><span style=\"font-style: inherit; font-weight: inherit;\">\u201cEs por todas estas cuestiones que nuestras organizaciones gremiales hemos decidido unificar nuestro esfuerzo, nuestras luchas y nuestros debates p\u00fablicos con el conjunto de la sociedad. Cada una de nuestras organizaciones ha decidido tomar medidas de acci\u00f3n directa. Tenemos el caso de la CONADU Hist\u00f3rica, la FESPROSA y de ATE, que hemos decidido un Paro de 48 horas para los d\u00edas 6 y 7 de marzo con movilizaciones en todo el pa\u00eds. Tambi\u00e9n est\u00e1 el caso de la Federaci\u00f3n Nacional Docente, que ha resuelto un Paro de 72 horas los d\u00edas 6, 7 y 8 de marzo. Todos hemos resuelto respaldar y acompa\u00f1arnos en las distintas medidas, por lo que el d\u00eda 6 vamos a movilizar todos juntos y tambi\u00e9n vamos a ser solidarios con todas las luchas que desarrollen los trabajadores del sector privado y los compa\u00f1eros de las organizaciones sociales\u201d, cerr\u00f3 Godoy.<\/span><\/p>\n<p>&nbsp;<\/p>\n","protected":false},"excerpt":{"rendered":"<p>En conferencia de prensa, gremios estatales y docentes del Estado Nacional, provinciales y municipales anunciaron medidas de fuerza. La secretaria General del Consejo Directivo Provincial, Mar\u00eda Liliana Salerno, estuvo presente en representaci\u00f3n de C\u00f3rdoba.&nbsp; Dirigentes de una gran cantidad de organizaciones sindicales de todo el pa\u00eds se reunieron para concretar la decisi\u00f3n de unificar las [&hellip;]<\/p>\n","protected":false},"author":1,"featured_media":19220,"comment_status":"open","ping_status":"open","sticky":false,"template":"","format":"standard","meta":{"_exactmetrics_skip_tracking":false,"_exactmetrics_sitenote_active":false,"_exactmetrics_sitenote_note":"","_exactmetrics_sitenote_category":0,"jnews-multi-image_gallery":[],"jnews_single_post":[],"jnews_primary_category":[],"jnews_social_meta":[],"jnews_review":[],"enable_review":"","type":"","name":"","summary":"","brand":"","sku":"","good":[],"bad":[],"score_override":"","override_value":"","rating":[],"price":[],"jnews_override_counter":[],"jnews_post_split":[],"footnotes":""},"categories":[18,21],"tags":[],"class_list":["post-8093","post","type-post","status-publish","format-standard","has-post-thumbnail","hentry","category-nacionales","category-paro-nacional"],"jetpack_featured_media_url":"https:\/\/atecordoba.org\/wp-content\/uploads\/2020\/05\/logo-nuevochico-e1561581322808.png","_links":{"self":[{"href":"https:\/\/atecordoba.org\/index.php?rest_route=\/wp\/v2\/posts\/8093","targetHints":{"allow":["GET"]}}],"collection":[{"href":"https:\/\/atecordoba.org\/index.php?rest_route=\/wp\/v2\/posts"}],"about":[{"href":"https:\/\/atecordoba.org\/index.php?rest_route=\/wp\/v2\/types\/post"}],"author":[{"embeddable":true,"href":"https:\/\/atecordoba.org\/index.php?rest_route=\/wp\/v2\/users\/1"}],"replies":[{"embeddable":true,"href":"https:\/\/atecordoba.org\/index.php?rest_route=%2Fwp%2Fv2%2Fcomments&post=8093"}],"version-history":[{"count":0,"href":"https:\/\/atecordoba.org\/index.php?rest_route=\/wp\/v2\/posts\/8093\/revisions"}],"wp:featuredmedia":[{"embeddable":true,"href":"https:\/\/atecordoba.org\/index.php?rest_route=\/wp\/v2\/media\/19220"}],"wp:attachment":[{"href":"https:\/\/atecordoba.org\/index.php?rest_route=%2Fwp%2Fv2%2Fmedia&parent=8093"}],"wp:term":[{"taxonomy":"category","embeddable":true,"href":"https:\/\/atecordoba.org\/index.php?rest_route=%2Fwp%2Fv2%2Fcategories&post=8093"},{"taxonomy":"post_tag","embeddable":true,"href":"https:\/\/atecordoba.org\/index.php?rest_route=%2Fwp%2Fv2%2Ftags&post=8093"}],"curies":[{"name":"wp","href":"https:\/\/api.w.org\/{rel}","templated":true}]}}