{"id":8091,"date":"2017-02-23T12:21:18","date_gmt":"2017-02-23T15:21:18","guid":{"rendered":"http:\/\/www.atecordoba.org\/?p=8091"},"modified":"2017-02-23T12:21:18","modified_gmt":"2017-02-23T15:21:18","slug":"asambleas-en-anses-por-un-despido-en-rio-negro","status":"publish","type":"post","link":"https:\/\/atecordoba.org\/?p=8091","title":{"rendered":"Asambleas en Anses por un despido en R\u00edo Negro"},"content":{"rendered":"<p><em>Una trabajadora result\u00f3 cesanteada en General Roca mientras gozaba de licencia por enfermedad.&nbsp;<\/em><\/p>\n<p><img loading=\"lazy\" decoding=\"async\" class=\"aligncenter size-full wp-image-8089\" src=\"http:\/\/www.atecordoba.org\/wp-content\/uploads\/2017\/02\/anses-rio-negro-e1487862720851.jpg\" alt=\"\" width=\"350\" height=\"234\"><\/p>\n<p>Las Udai 1,2 y 3 de C\u00f3rdoba Capital se encuentran desde hoy en estado de asamblea en solidaridad con los compa\u00f1eros de R\u00edo Negro que se encuentran en plan de lucha reclamando la reincorporaci\u00f3n de una trabajadora despedida mientras se encontraba en la de licencia por enfermedad.<\/p>\n<p>En este momento, las oficinas de la Udai General Roca se encuentran ocupadas por los compa\u00f1eros de ATE, resistiendo un desalojo policial.&nbsp;<\/p>\n<p>Un comunicado difundido ayer da cuenta de la situaci\u00f3n que atraviesa el sector.&nbsp;<\/p>\n<p><img loading=\"lazy\" decoding=\"async\" class=\"aligncenter size-full wp-image-8088\" src=\"http:\/\/www.atecordoba.org\/wp-content\/uploads\/2017\/02\/comunicado-anses-23-2-e1487862292811.jpeg\" alt=\"\" width=\"550\" height=\"779\"><\/p>\n","protected":false},"excerpt":{"rendered":"<p>Una trabajadora result\u00f3 cesanteada en General Roca mientras gozaba de licencia por enfermedad.&nbsp; Las Udai 1,2 y 3 de C\u00f3rdoba Capital se encuentran desde hoy en estado de asamblea en solidaridad con los compa\u00f1eros de R\u00edo Negro que se encuentran en plan de lucha reclamando la reincorporaci\u00f3n de una trabajadora despedida mientras se encontraba en [&hellip;]<\/p>\n","protected":false},"author":1,"featured_media":19220,"comment_status":"open","ping_status":"open","sticky":false,"template":"","format":"standard","meta":{"_exactmetrics_skip_tracking":false,"_exactmetrics_sitenote_active":false,"_exactmetrics_sitenote_note":"","_exactmetrics_sitenote_category":0,"jnews-multi-image_gallery":[],"jnews_single_post":[],"jnews_primary_category":[],"jnews_social_meta":[],"jnews_review":[],"enable_review":"","type":"","name":"","summary":"","brand":"","sku":"","good":[],"bad":[],"score_override":"","override_value":"","rating":[],"price":[],"jnews_override_counter":[],"jnews_post_split":[],"footnotes":""},"categories":[1],"tags":[],"class_list":["post-8091","post","type-post","status-publish","format-standard","has-post-thumbnail","hentry","category-sin-categoria"],"jetpack_featured_media_url":"https:\/\/atecordoba.org\/wp-content\/uploads\/2020\/05\/logo-nuevochico-e1561581322808.png","_links":{"self":[{"href":"https:\/\/atecordoba.org\/index.php?rest_route=\/wp\/v2\/posts\/8091","targetHints":{"allow":["GET"]}}],"collection":[{"href":"https:\/\/atecordoba.org\/index.php?rest_route=\/wp\/v2\/posts"}],"about":[{"href":"https:\/\/atecordoba.org\/index.php?rest_route=\/wp\/v2\/types\/post"}],"author":[{"embeddable":true,"href":"https:\/\/atecordoba.org\/index.php?rest_route=\/wp\/v2\/users\/1"}],"replies":[{"embeddable":true,"href":"https:\/\/atecordoba.org\/index.php?rest_route=%2Fwp%2Fv2%2Fcomments&post=8091"}],"version-history":[{"count":0,"href":"https:\/\/atecordoba.org\/index.php?rest_route=\/wp\/v2\/posts\/8091\/revisions"}],"wp:featuredmedia":[{"embeddable":true,"href":"https:\/\/atecordoba.org\/index.php?rest_route=\/wp\/v2\/media\/19220"}],"wp:attachment":[{"href":"https:\/\/atecordoba.org\/index.php?rest_route=%2Fwp%2Fv2%2Fmedia&parent=8091"}],"wp:term":[{"taxonomy":"category","embeddable":true,"href":"https:\/\/atecordoba.org\/index.php?rest_route=%2Fwp%2Fv2%2Fcategories&post=8091"},{"taxonomy":"post_tag","embeddable":true,"href":"https:\/\/atecordoba.org\/index.php?rest_route=%2Fwp%2Fv2%2Ftags&post=8091"}],"curies":[{"name":"wp","href":"https:\/\/api.w.org\/{rel}","templated":true}]}}