{"id":8079,"date":"2017-02-23T11:49:20","date_gmt":"2017-02-23T14:49:20","guid":{"rendered":"http:\/\/www.atecordoba.org\/?p=8079"},"modified":"2017-02-23T11:49:20","modified_gmt":"2017-02-23T14:49:20","slug":"la-ayuda-escolar-para-los-afiliados-llego-a-quilino","status":"publish","type":"post","link":"https:\/\/atecordoba.org\/?p=8079","title":{"rendered":"La ayuda escolar para los afiliados lleg\u00f3 a Quilino"},"content":{"rendered":"<p><em>El cuerpo de delegados municipal de ATE-Quilino realiz\u00f3 ayer la entrega de las mochilas para los hijos de los afiliados de la localidad. La iniciativa se llev\u00f3 a cabo en la plaza central y tuvo una gran recepci\u00f3n de parte de los compa\u00f1eros municipales.&nbsp;<\/em><\/p>\n<p><img loading=\"lazy\" decoding=\"async\" class=\"aligncenter size-full wp-image-8080\" src=\"http:\/\/www.atecordoba.org\/wp-content\/uploads\/2017\/02\/mochila-quilino-1-e1487861196233.jpeg\" alt=\"\" width=\"550\" height=\"917\"><\/p>\n<p><img loading=\"lazy\" decoding=\"async\" class=\"aligncenter size-full wp-image-8081\" src=\"http:\/\/www.atecordoba.org\/wp-content\/uploads\/2017\/02\/mochila-quilino-2-e1487861244698.jpeg\" alt=\"\" width=\"550\" height=\"917\"><\/p>\n<p><img loading=\"lazy\" decoding=\"async\" class=\"aligncenter size-full wp-image-8082\" src=\"http:\/\/www.atecordoba.org\/wp-content\/uploads\/2017\/02\/mochila-quilino-3-e1487861269243.jpeg\" alt=\"\" width=\"550\" height=\"917\"><\/p>\n<p><img loading=\"lazy\" decoding=\"async\" class=\"aligncenter size-full wp-image-8083\" src=\"http:\/\/www.atecordoba.org\/wp-content\/uploads\/2017\/02\/mochila-quilino-4-e1487861293164.jpeg\" alt=\"\" width=\"550\" height=\"917\"><\/p>\n<p><img loading=\"lazy\" decoding=\"async\" class=\"aligncenter size-full wp-image-8084\" src=\"http:\/\/www.atecordoba.org\/wp-content\/uploads\/2017\/02\/mochila-quilino-5-e1487861316977.jpeg\" alt=\"\" width=\"550\" height=\"330\"><\/p>\n","protected":false},"excerpt":{"rendered":"<p>El cuerpo de delegados municipal de ATE-Quilino realiz\u00f3 ayer la entrega de las mochilas para los hijos de los afiliados de la localidad. La iniciativa se llev\u00f3 a cabo en la plaza central y tuvo una gran recepci\u00f3n de parte de los compa\u00f1eros municipales.&nbsp;<\/p>\n","protected":false},"author":1,"featured_media":19220,"comment_status":"open","ping_status":"open","sticky":false,"template":"","format":"standard","meta":{"_exactmetrics_skip_tracking":false,"_exactmetrics_sitenote_active":false,"_exactmetrics_sitenote_note":"","_exactmetrics_sitenote_category":0,"jnews-multi-image_gallery":[],"jnews_single_post":[],"jnews_primary_category":[],"jnews_social_meta":[],"jnews_review":[],"enable_review":"","type":"","name":"","summary":"","brand":"","sku":"","good":[],"bad":[],"score_override":"","override_value":"","rating":[],"price":[],"jnews_override_counter":[],"jnews_post_split":[],"footnotes":""},"categories":[20],"tags":[],"class_list":["post-8079","post","type-post","status-publish","format-standard","has-post-thumbnail","hentry","category-municipales"],"jetpack_featured_media_url":"https:\/\/atecordoba.org\/wp-content\/uploads\/2020\/05\/logo-nuevochico-e1561581322808.png","_links":{"self":[{"href":"https:\/\/atecordoba.org\/index.php?rest_route=\/wp\/v2\/posts\/8079","targetHints":{"allow":["GET"]}}],"collection":[{"href":"https:\/\/atecordoba.org\/index.php?rest_route=\/wp\/v2\/posts"}],"about":[{"href":"https:\/\/atecordoba.org\/index.php?rest_route=\/wp\/v2\/types\/post"}],"author":[{"embeddable":true,"href":"https:\/\/atecordoba.org\/index.php?rest_route=\/wp\/v2\/users\/1"}],"replies":[{"embeddable":true,"href":"https:\/\/atecordoba.org\/index.php?rest_route=%2Fwp%2Fv2%2Fcomments&post=8079"}],"version-history":[{"count":0,"href":"https:\/\/atecordoba.org\/index.php?rest_route=\/wp\/v2\/posts\/8079\/revisions"}],"wp:featuredmedia":[{"embeddable":true,"href":"https:\/\/atecordoba.org\/index.php?rest_route=\/wp\/v2\/media\/19220"}],"wp:attachment":[{"href":"https:\/\/atecordoba.org\/index.php?rest_route=%2Fwp%2Fv2%2Fmedia&parent=8079"}],"wp:term":[{"taxonomy":"category","embeddable":true,"href":"https:\/\/atecordoba.org\/index.php?rest_route=%2Fwp%2Fv2%2Fcategories&post=8079"},{"taxonomy":"post_tag","embeddable":true,"href":"https:\/\/atecordoba.org\/index.php?rest_route=%2Fwp%2Fv2%2Ftags&post=8079"}],"curies":[{"name":"wp","href":"https:\/\/api.w.org\/{rel}","templated":true}]}}