{"id":8075,"date":"2017-02-22T14:18:14","date_gmt":"2017-02-22T17:18:14","guid":{"rendered":"http:\/\/www.atecordoba.org\/?p=8075"},"modified":"2017-02-22T14:18:14","modified_gmt":"2017-02-22T17:18:14","slug":"6-y-7-de-marzo-paro-nacional-de-48hs","status":"publish","type":"post","link":"https:\/\/atecordoba.org\/?p=8075","title":{"rendered":"6 y 7 de Marzo: Paro Nacional de 48hs"},"content":{"rendered":"<p class=\"copete\"><em>As\u00ed lo resolvi\u00f3 hoy el Consejo Directivo Nacional con representaci\u00f3n de la mayor\u00eda de las provincias.<\/em><\/p>\n<div class=\"sliderkit photoslider-1click sombra\"><img loading=\"lazy\" decoding=\"async\" class=\"aligncenter size-full wp-image-8076\" src=\"http:\/\/www.atecordoba.org\/wp-content\/uploads\/2017\/02\/9083_4118-e1487783804953.jpg\" alt=\"\" width=\"550\" height=\"309\"><\/div>\n<div class=\"sliderkit photoslider-1click sombra\">Por unanimidad, la Conducci\u00f3n Nacional junto con los Secretarios Generales de las provincias resolvieron llevar adelante el mandato propuesto por delegados y militantes de todos los rincones del pa\u00eds para que el 6 y 7 de marzo se realice un Paro Nacional, concentrando las movilizaciones en el d\u00eda 6.&nbsp; El 7, adem\u00e1s del paro en cada uno de los sectores de trabajo, se acompa\u00f1ar\u00e1 solidariamente a la marcha prevista por los gremios de la CGT.<\/p>\n<p class=\"texto\"><span class=\"\">La medida est\u00e1 enmarcada contra el techo salarial que propone el Gobierno para discutir las paritarias, contra los intentos de intervenir a la baja los Convenios Colectivos de Trabajo, por la reincorporaci\u00f3n de todos los trabajadores injustamente despedidos, contra la precarizaci\u00f3n laboral y por el derecho de los trabajadores municipales a los Convenios Colectivos y salarios por encima del M\u00ednimo, Vital y M\u00f3vil.<\/span><\/p>\n<p class=\"texto\"><span class=\"\">El plan de lucha resuelto por la Conducci\u00f3n Nacional contin\u00faa con una Jornada Nacional de Lucha con paros y movilizaci\u00f3n para el 8 de marzo, en el justo reclamo que llevan adelante las trabajadoras del Estado en el marco del D\u00eda Internacional de la Mujer Trabajadora.<\/span><\/p>\n<p class=\"texto\"><span class=\"\">Adem\u00e1s, en sinton\u00eda con las luchas que se vienen llevando adelante en diferentes sectores, el 13 de marzo se acompa\u00f1ar\u00e1 a la Confederaci\u00f3n de Trabajadores de la Econom\u00eda Popular (CTEP), Barrios de Pie y la Corriente Clasista y Combativa (CCC) en la movilizaci\u00f3n que se realizar\u00e1 a Plaza de Mayo bajo la consigna &#8220;Tierra, techo y Trabajo&#8221;.<\/span><\/p>\n<p class=\"texto\"><span class=\"\">En esa l\u00ednea, ATE tambi\u00e9n participar\u00e1 de la construcci\u00f3n de un Paro Nacional junto con otras centrales sindicales con fecha a definir.<\/span><\/p>\n<p class=\"texto\"><span class=\"\">Asimismo, tal como lo viene construyendo en la sede nacional del gremio, ATE respalda todas las campa\u00f1as e iniciativas que lleva adelante el espacio NO A LA BAJA ante el intento del Gobierno de bajar la edad de impunibilidad de nuestros j\u00f3venes.<\/span><\/p>\n<p class=\"texto\"><span class=\"\">Una vez m\u00e1s, ATE tambi\u00e9n participar\u00e1 el 24 de marzo de las movilizaciones que se lleven a cabo en todo el pa\u00eds por m\u00e1s Memoria, Verdad y Justicia.<\/span><\/p>\n<p class=\"texto\"><img loading=\"lazy\" decoding=\"async\" class=\"aligncenter size-full wp-image-8077\" src=\"http:\/\/www.atecordoba.org\/wp-content\/uploads\/2017\/02\/MESA-e1487783838820.jpg\" alt=\"\" width=\"550\" height=\"374\"><\/p>\n<p class=\"texto\"><span class=\"\">Finamente, tras el panorama vertido por la mayor\u00eda de los dirigentes presentes sobre el vaciamiento de pol\u00edticas p\u00fablicas en las unidades sanitarias y los hospitales p\u00fablicos, el 7 de abril se realizar\u00e1 una medida de fuerza de todos los trabajadores de la salud.<\/span><\/p>\n<p class=\"texto\"><span class=\"\">Por \u00faltimo, entre marzo y abril se realizar\u00e1n plenarios de delegados del Estado Nacional en cada una de las provincias.<\/span><\/p>\n<p class=\"texto\"><span class=\"\">Todas estas resoluciones fueron aprobadas por unanimidad en la primera reuni\u00f3n llevada adelante por el secretariado nacional que comenz\u00f3 con un minuto de aplausos por los fallecimientos de los compa\u00f1eros &nbsp;Normando \u201cPiojo\u201d Ocampo, Secretario General de ATE La Rioja y de Blanca \u201cNina\u201d Somariva, hist\u00f3rica dirigente de ATE y CTA de Misiones.<\/span><\/p>\n<p class=\"texto\"><span class=\"\">Adem\u00e1s, previo al informe pol\u00edtico realizado por el Secretario General Hugo \u201cCachorro\u201d Godoy y posterior debate pol\u00edtico y gremial; los compa\u00f1eros Adolfo \u201cFito\u201d Aguirre y Bruno Dobrusin llevaron adelante una jornada de Formaci\u00f3n sobre el Nuevo Escenario Internacional con participaci\u00f3n de todos los presentes.<\/span><\/p>\n<p class=\"texto\"><span class=\"\">&nbsp;<\/span><\/p>\n<p>&nbsp;<\/p><\/div>\n","protected":false},"excerpt":{"rendered":"<p>As\u00ed lo resolvi\u00f3 hoy el Consejo Directivo Nacional con representaci\u00f3n de la mayor\u00eda de las provincias. Por unanimidad, la Conducci\u00f3n Nacional junto con los Secretarios Generales de las provincias resolvieron llevar adelante el mandato propuesto por delegados y militantes de todos los rincones del pa\u00eds para que el 6 y 7 de marzo se realice [&hellip;]<\/p>\n","protected":false},"author":1,"featured_media":19220,"comment_status":"open","ping_status":"open","sticky":false,"template":"","format":"standard","meta":{"_exactmetrics_skip_tracking":false,"_exactmetrics_sitenote_active":false,"_exactmetrics_sitenote_note":"","_exactmetrics_sitenote_category":0,"jnews-multi-image_gallery":[],"jnews_single_post":[],"jnews_primary_category":[],"jnews_social_meta":[],"jnews_review":[],"enable_review":"","type":"","name":"","summary":"","brand":"","sku":"","good":[],"bad":[],"score_override":"","override_value":"","rating":[],"price":[],"jnews_override_counter":[],"jnews_post_split":[],"footnotes":""},"categories":[10,21],"tags":[],"class_list":["post-8075","post","type-post","status-publish","format-standard","has-post-thumbnail","hentry","category-accion-politica","category-paro-nacional"],"jetpack_featured_media_url":"https:\/\/atecordoba.org\/wp-content\/uploads\/2020\/05\/logo-nuevochico-e1561581322808.png","_links":{"self":[{"href":"https:\/\/atecordoba.org\/index.php?rest_route=\/wp\/v2\/posts\/8075","targetHints":{"allow":["GET"]}}],"collection":[{"href":"https:\/\/atecordoba.org\/index.php?rest_route=\/wp\/v2\/posts"}],"about":[{"href":"https:\/\/atecordoba.org\/index.php?rest_route=\/wp\/v2\/types\/post"}],"author":[{"embeddable":true,"href":"https:\/\/atecordoba.org\/index.php?rest_route=\/wp\/v2\/users\/1"}],"replies":[{"embeddable":true,"href":"https:\/\/atecordoba.org\/index.php?rest_route=%2Fwp%2Fv2%2Fcomments&post=8075"}],"version-history":[{"count":0,"href":"https:\/\/atecordoba.org\/index.php?rest_route=\/wp\/v2\/posts\/8075\/revisions"}],"wp:featuredmedia":[{"embeddable":true,"href":"https:\/\/atecordoba.org\/index.php?rest_route=\/wp\/v2\/media\/19220"}],"wp:attachment":[{"href":"https:\/\/atecordoba.org\/index.php?rest_route=%2Fwp%2Fv2%2Fmedia&parent=8075"}],"wp:term":[{"taxonomy":"category","embeddable":true,"href":"https:\/\/atecordoba.org\/index.php?rest_route=%2Fwp%2Fv2%2Fcategories&post=8075"},{"taxonomy":"post_tag","embeddable":true,"href":"https:\/\/atecordoba.org\/index.php?rest_route=%2Fwp%2Fv2%2Ftags&post=8075"}],"curies":[{"name":"wp","href":"https:\/\/api.w.org\/{rel}","templated":true}]}}