{"id":8071,"date":"2017-02-21T15:46:10","date_gmt":"2017-02-21T18:46:10","guid":{"rendered":"http:\/\/www.atecordoba.org\/?p=8071"},"modified":"2017-02-21T15:46:10","modified_gmt":"2017-02-21T18:46:10","slug":"arranco-el-ciclo-2017-de-formacion-de-formadores-de-ate","status":"publish","type":"post","link":"https:\/\/atecordoba.org\/?p=8071","title":{"rendered":"Arranc\u00f3 el Ciclo 2017 de Formaci\u00f3n de Formadores de ATE"},"content":{"rendered":"<p><em>Compa\u00f1eros y compa\u00f1eras de todo el pa\u00eds se ocuparon de armar los lineamientos de los encuentros regionales de formaci\u00f3n para este a\u00f1o.<\/em><\/p>\n<p><img loading=\"lazy\" decoding=\"async\" class=\"aligncenter size-full wp-image-8072\" src=\"http:\/\/www.atecordoba.org\/wp-content\/uploads\/2017\/02\/lanzamiento-a\u00f1o_-secr-formacion-maria-teresa-e1487702662872.jpg\" alt=\"\" width=\"550\" height=\"391\"><\/p>\n<p>La&nbsp;<span class=\"\">Escuela Libertario Ferrari comenz\u00f3 el pasado 17 de febrero el Ciclo 2017 de Formaci\u00f3n de Formadores (FOR FOR) con un encuentro en el Hotel 27 de Junio de ATE en el barrio porte\u00f1o de San Telmo que concluir\u00e1 en la tarde de hoy. Coordinados por la Directora de la Escuela, M\u00f3nica D\u2019Elia, y por la Secretaria de Formaci\u00f3n del Consejo Directivo Nacional, Mar\u00eda Teresa Romero, los compa\u00f1eros y compa\u00f1eras del Equipo Nacional de Formaci\u00f3n se encargaron de planificar el funcionamiento y los lineamientos de los encuentros regionales de formaci\u00f3n que se llevar\u00e1n a cabo durante los pr\u00f3ximos dos a\u00f1os. De la primer jornada de encuentro particip\u00f3 tambi\u00e9n el Secretario General del CDN de ATE, Hugo \u2018Cachorro\u2019 Godoy.<\/span><\/p>\n<p class=\"texto\"><span class=\"\">A la llegada del Secretario General, M\u00f3nica D\u2019Elia mencion\u00f3: \u201cHemos compartido informaci\u00f3n sobre la situaci\u00f3n de la compa\u00f1era Pamela Mackey, parte de este equipo de formadores, que continua internada pero que poco a poco se est\u00e1 recuperando. Estamos seguros de que va a poder superar este desaf\u00edo y que pronto la tendremos de vuelta trabajando con nosotros\u201d.<\/span><\/p>\n<p class=\"texto\"><span class=\"\">\u201cLa jornada de hoy fue muy importante porque nos record\u00f3 que estamos todos ac\u00e1 para bancarnos. Hac\u00eda dos meses que no nos reun\u00edamos todos. Con estas jornadas el grupo se va consolidando y van incorpor\u00e1ndose compa\u00f1eros y compa\u00f1eras de las provincias que faltan. Vamos a seguir en ese proceso hasta lograr completar el grupo de trabajo\u201d, agreg\u00f3 la compa\u00f1era D\u2019Elia.<\/span><\/p>\n<p class=\"texto\"><span class=\"\">Por su parte, Mar\u00eda Teresa Romero manifest\u00f3: \u201cEl objetivo de la Secretar\u00eda de Formaci\u00f3n fue, desde el comienzo, armar un equipo nacional de formadores. Para eso recorrimos gran parte del pa\u00eds. Pudimos ver as\u00ed cu\u00e1les eran las necesidades, porque para poder planificar se necesita tener una idea de cu\u00e1l es la situaci\u00f3n. Durante el 2016 pasaron por las jornadas de formaci\u00f3n del Consejo Directivo Nacional m\u00e1s de mil compa\u00f1eros, y por las jornadas que se llevaron a cabo en las provincias, pasaron otros tres mil. Pero teniendo en cuenta que nuestro sindicato ya est\u00e1 llegando a los 300 mil afiliados, nos dimos cuenta de que hab\u00eda que repensar la formaci\u00f3n, y por eso surgi\u00f3 la idea de la regionalizaci\u00f3n. Este equipo que se ha armado ahora, y que incluso va a incorporar m\u00e1s gente, se va consolidando, est\u00e1 ayud\u00e1ndonos a hacer un diagn\u00f3stico, y va a lograr hacer llegar la formaci\u00f3n de los dirigentes a cada rinc\u00f3n de nuestro vasto pa\u00eds\u201d.<\/span><\/p>\n<p class=\"texto\"><span class=\"\">Luego, el Secretario General de ATE Nacional, Hugo \u2018Cachorro\u2019 Godoy, se dirigi\u00f3 a todos los compa\u00f1eros y compa\u00f1eras presentes para hablar de la relevancia de la formaci\u00f3n como herramienta de lucha y para darle un contexto hist\u00f3rico al momento que se vive en el pa\u00eds y en ATE: \u201cEn el a\u00f1o 1991, cuando nos fuimos de la CGT, empezamos a reformular el rol de la Clase Trabajadora en un proceso emancipador en la Argentina bajo el peso de la crisis del sistema socialista a nivel mundial y con la crisis de los movimientos populares expresada en el fracaso de la experiencia radical de los primeros a\u00f1os de la democracia y de la traici\u00f3n del peronismo que le sigui\u00f3 luego. Sin embargo, empezamos a pensar una propuesta alternativa desde los sectores populares. Hoy, nosotros tenemos sobre nuestras espaldas la crisis de los procesos que se dieron en Am\u00e9rica Latina en los \u00faltimos 15 o 16 a\u00f1os. Es una influencia de car\u00e1cter internacional que influye en la estrategia que nosotros tenemos que desarrollar como Clase Trabajadora, y en el rol que nuestro gremio tiene en esta etapa hist\u00f3rica que empezamos a andar\u201d.<\/span><\/p>\n<p class=\"texto\"><span class=\"\">\u201cTambi\u00e9n estamos fuertemente afectados por la crisis pol\u00edtica que atraviesa el movimiento popular. Porque la recuperaci\u00f3n de la hegemon\u00eda de los sectores m\u00e1s concentrados es producto de que no se modific\u00f3, en los \u00faltimos quince a\u00f1os, la matriz de poder en la Argentina. Al contrario, se concentr\u00f3 y se extranjeriz\u00f3 m\u00e1s la econom\u00eda. Y los mismos grupos econ\u00f3micos que dominaron el escenario econ\u00f3mico y social en la Argentina durante la dictadura y durante el menemismo, son los que ahora est\u00e1n gobernando, porque son los que mantuvieron el poder tambi\u00e9n durante los \u00faltimos quince a\u00f1os. Ustedes recordar\u00e1n que cuando, la entonces Presidenta, Cristina Fern\u00e1ndez de Kirchner visit\u00f3 China, estuvo acompa\u00f1ada por doscientos empresarios, entre los que se encontraba Franco Macri\u201d, agreg\u00f3 Godoy.<\/span><\/p>\n<p class=\"texto\"><span class=\"\">El dirigente nacional continu\u00f3: \u201cLa otra parte del poder de los sectores hegem\u00f3nicos tiene que ver con la fragmentaci\u00f3n del campo popular. Porque la supuesta experiencia progresista de los \u00faltimos quince a\u00f1os se asent\u00f3, en gran parte, en promover la fragmentaci\u00f3n del movimiento popular. En la nueva etapa que nosotros atravesamos, en la que est\u00e1 bajo nuestra responsabilidad conducir una pol\u00edtica nacional desde los trabajadores del Estado, nos toca una profunda fragmentaci\u00f3n del campo popular en medio de una crisis del sistema capitalista. Esto deriva en un profundo debate pol\u00edtico al interior del gremio que se expres\u00f3 en las distintas opciones electorales que se dieron en las elecciones del 2015\u201d.<\/span><\/p>\n<p class=\"texto\"><span class=\"\">\u201cATE tiene un acumulado de prestigio social impresionante. Pero al mismo tiempo hay lugares de nuestro pa\u00eds donde la presencia y la representatividad de ATE todav\u00eda est\u00e1n reducidas a una m\u00ednima expresi\u00f3n. Y nosotros necesitamos un gremio que tenga presencia en todo el pa\u00eds. Nuestra estrategia pol\u00edtica tiene que tener como fin el construir poder para transformar la realidad. Y eso se puede hace solamente con mucho protagonismo popular. Adem\u00e1s en ATE tenemos la particularidad de que la mayor\u00eda de los dirigentes que hay en toda nuestra organizaci\u00f3n se incorporaron a la misma despu\u00e9s del a\u00f1o 2000. O sea que, principalmente, se trata de dirigentes parte de la experiencia pol\u00edtica del Siglo XXI\u201d, analiz\u00f3 el Secretario General de ATE, quien inmediatamente pidi\u00f3 a los presentes que levantaran la mano si se hab\u00edan incorporado al sindicato despu\u00e9s del a\u00f1o 2000. La amplia mayor\u00eda de los compa\u00f1eros y compa\u00f1eras levant\u00f3 la mano.<\/span><\/p>\n<p class=\"texto\"><span class=\"\">Godoy luego se pregunt\u00f3: \u201c\u00bfEn qu\u00e9 medida nosotros no somos todav\u00eda un sue\u00f1o revolucionario, un deseo de ser? Ese ser est\u00e1 pendiente, porque para llegar a ser, necesariamente tenemos que reconstruir esa Patria Grande que fue balcanizada. Para poder pensar el futuro hay que entender bien, por ejemplo, a San Mart\u00edn, a Artigas, a Bol\u00edvar, a T\u00fapac. La formaci\u00f3n siempre tiene un objetivo. \u00bfFormarse para qu\u00e9? Tenemos que reconectarnos con nuestra historia, con nuestras distintas luchas populares. No solamente las de la Clase Trabajadora, sino tambi\u00e9n las de los negros, de los ind\u00edgenas, de los distintos pueblos y las distintas culturas que han ido anidando en nuestra Naci\u00f3n\u201d.<\/span><\/p>\n<p class=\"texto\"><span class=\"\">\u201cLa formaci\u00f3n es parte fundamental de nuestra estrategia de poder como Clase Trabajadora. Y la formaci\u00f3n en una instituci\u00f3n, en una organizaci\u00f3n que quiere ser transformadora, revolucionaria, requiere una voluntad que parte de quienes tienen la responsabilidad de dirigirla. Por eso la formaci\u00f3n debe empezar justamente por nosotros. Para luego ser el motor de la formaci\u00f3n de nuestros nuevos dirigentes. Es por eso que nosotros este a\u00f1o vamos a empujar fuerte en esa direcci\u00f3n. La primera l\u00ednea de actividad de formaci\u00f3n durante este a\u00f1o ser\u00e1 la de la autoformaci\u00f3n. A partir de este a\u00f1o la pr\u00e1ctica va a ser: Dos d\u00edas de reuni\u00f3n, un d\u00eda de autoformaci\u00f3n, y un d\u00eda de debate pol\u00edtico-gremial para definir el plan de acci\u00f3n. La segunda l\u00ednea de intervenci\u00f3n ser\u00e1 esta sobre la que estuvieron trabajando ustedes hoy: Un plan de formaci\u00f3n para los principales cuadros de conducci\u00f3n de nuestro gremio: Los Consejos Directivos Provinciales y las Seccionales\u201d, cerr\u00f3 el dirigente nacional.<\/span><\/p>\n","protected":false},"excerpt":{"rendered":"<p>Compa\u00f1eros y compa\u00f1eras de todo el pa\u00eds se ocuparon de armar los lineamientos de los encuentros regionales de formaci\u00f3n para este a\u00f1o. La&nbsp;Escuela Libertario Ferrari comenz\u00f3 el pasado 17 de febrero el Ciclo 2017 de Formaci\u00f3n de Formadores (FOR FOR) con un encuentro en el Hotel 27 de Junio de ATE en el barrio porte\u00f1o [&hellip;]<\/p>\n","protected":false},"author":1,"featured_media":19220,"comment_status":"open","ping_status":"open","sticky":false,"template":"","format":"standard","meta":{"_exactmetrics_skip_tracking":false,"_exactmetrics_sitenote_active":false,"_exactmetrics_sitenote_note":"","_exactmetrics_sitenote_category":0,"jnews-multi-image_gallery":[],"jnews_single_post":[],"jnews_primary_category":[],"jnews_social_meta":[],"jnews_review":[],"enable_review":"","type":"","name":"","summary":"","brand":"","sku":"","good":[],"bad":[],"score_override":"","override_value":"","rating":[],"price":[],"jnews_override_counter":[],"jnews_post_split":[],"footnotes":""},"categories":[88,18],"tags":[],"class_list":["post-8071","post","type-post","status-publish","format-standard","has-post-thumbnail","hentry","category-formacion","category-nacionales"],"jetpack_featured_media_url":"https:\/\/atecordoba.org\/wp-content\/uploads\/2020\/05\/logo-nuevochico-e1561581322808.png","_links":{"self":[{"href":"https:\/\/atecordoba.org\/index.php?rest_route=\/wp\/v2\/posts\/8071","targetHints":{"allow":["GET"]}}],"collection":[{"href":"https:\/\/atecordoba.org\/index.php?rest_route=\/wp\/v2\/posts"}],"about":[{"href":"https:\/\/atecordoba.org\/index.php?rest_route=\/wp\/v2\/types\/post"}],"author":[{"embeddable":true,"href":"https:\/\/atecordoba.org\/index.php?rest_route=\/wp\/v2\/users\/1"}],"replies":[{"embeddable":true,"href":"https:\/\/atecordoba.org\/index.php?rest_route=%2Fwp%2Fv2%2Fcomments&post=8071"}],"version-history":[{"count":0,"href":"https:\/\/atecordoba.org\/index.php?rest_route=\/wp\/v2\/posts\/8071\/revisions"}],"wp:featuredmedia":[{"embeddable":true,"href":"https:\/\/atecordoba.org\/index.php?rest_route=\/wp\/v2\/media\/19220"}],"wp:attachment":[{"href":"https:\/\/atecordoba.org\/index.php?rest_route=%2Fwp%2Fv2%2Fmedia&parent=8071"}],"wp:term":[{"taxonomy":"category","embeddable":true,"href":"https:\/\/atecordoba.org\/index.php?rest_route=%2Fwp%2Fv2%2Fcategories&post=8071"},{"taxonomy":"post_tag","embeddable":true,"href":"https:\/\/atecordoba.org\/index.php?rest_route=%2Fwp%2Fv2%2Ftags&post=8071"}],"curies":[{"name":"wp","href":"https:\/\/api.w.org\/{rel}","templated":true}]}}