{"id":8059,"date":"2017-02-17T15:33:15","date_gmt":"2017-02-17T18:33:15","guid":{"rendered":"http:\/\/www.atecordoba.org\/?p=8059"},"modified":"2017-02-17T15:33:15","modified_gmt":"2017-02-17T18:33:15","slug":"eleccion-de-delegados-en-quilino","status":"publish","type":"post","link":"https:\/\/atecordoba.org\/?p=8059","title":{"rendered":"Elecci\u00f3n de delegados en Quilino"},"content":{"rendered":"<p><em>Los trabajadores municipales de esa localidad del norte provincial eligieron tres representantes.<\/em><\/p>\n<p><img loading=\"lazy\" decoding=\"async\" class=\"aligncenter  wp-image-8060\" src=\"http:\/\/www.atecordoba.org\/wp-content\/uploads\/2017\/02\/municipal-votando-e1487356324864.jpeg\" alt=\"\" width=\"363\" height=\"605\"><\/p>\n<p>Se trat\u00f3 de una nutrida participaci\u00f3n de trabajadores dependientes del Municipio de Quilino, donde resultaron electos los compa\u00f1eros Cristian Sosa, V\u00edctor Hugo P\u00e9rez y Gustavo Lira.<\/p>\n<p><img loading=\"lazy\" decoding=\"async\" class=\"aligncenter size-full wp-image-8061\" src=\"http:\/\/www.atecordoba.org\/wp-content\/uploads\/2017\/02\/votando-2-e1487356355807.jpeg\" alt=\"\" width=\"330\" height=\"550\"><\/p>\n<p>Los trabajadores de diversas dependencias de la intendencia tienen ahora renovada su representaci\u00f3n sindical, reforzando el crecimiento organizativo de los municipales de ATE en el norte provincial.&nbsp;<\/p>\n<p>&nbsp;<\/p>\n<p>&nbsp;<\/p>\n","protected":false},"excerpt":{"rendered":"<p>Los trabajadores municipales de esa localidad del norte provincial eligieron tres representantes. Se trat\u00f3 de una nutrida participaci\u00f3n de trabajadores dependientes del Municipio de Quilino, donde resultaron electos los compa\u00f1eros Cristian Sosa, V\u00edctor Hugo P\u00e9rez y Gustavo Lira. Los trabajadores de diversas dependencias de la intendencia tienen ahora renovada su representaci\u00f3n sindical, reforzando el crecimiento [&hellip;]<\/p>\n","protected":false},"author":1,"featured_media":19220,"comment_status":"open","ping_status":"open","sticky":false,"template":"","format":"standard","meta":{"_exactmetrics_skip_tracking":false,"_exactmetrics_sitenote_active":false,"_exactmetrics_sitenote_note":"","_exactmetrics_sitenote_category":0,"jnews-multi-image_gallery":[],"jnews_single_post":[],"jnews_primary_category":[],"jnews_social_meta":[],"jnews_review":[],"enable_review":"","type":"","name":"","summary":"","brand":"","sku":"","good":[],"bad":[],"score_override":"","override_value":"","rating":[],"price":[],"jnews_override_counter":[],"jnews_post_split":[],"footnotes":""},"categories":[20],"tags":[],"class_list":["post-8059","post","type-post","status-publish","format-standard","has-post-thumbnail","hentry","category-municipales"],"jetpack_featured_media_url":"https:\/\/atecordoba.org\/wp-content\/uploads\/2020\/05\/logo-nuevochico-e1561581322808.png","_links":{"self":[{"href":"https:\/\/atecordoba.org\/index.php?rest_route=\/wp\/v2\/posts\/8059","targetHints":{"allow":["GET"]}}],"collection":[{"href":"https:\/\/atecordoba.org\/index.php?rest_route=\/wp\/v2\/posts"}],"about":[{"href":"https:\/\/atecordoba.org\/index.php?rest_route=\/wp\/v2\/types\/post"}],"author":[{"embeddable":true,"href":"https:\/\/atecordoba.org\/index.php?rest_route=\/wp\/v2\/users\/1"}],"replies":[{"embeddable":true,"href":"https:\/\/atecordoba.org\/index.php?rest_route=%2Fwp%2Fv2%2Fcomments&post=8059"}],"version-history":[{"count":0,"href":"https:\/\/atecordoba.org\/index.php?rest_route=\/wp\/v2\/posts\/8059\/revisions"}],"wp:featuredmedia":[{"embeddable":true,"href":"https:\/\/atecordoba.org\/index.php?rest_route=\/wp\/v2\/media\/19220"}],"wp:attachment":[{"href":"https:\/\/atecordoba.org\/index.php?rest_route=%2Fwp%2Fv2%2Fmedia&parent=8059"}],"wp:term":[{"taxonomy":"category","embeddable":true,"href":"https:\/\/atecordoba.org\/index.php?rest_route=%2Fwp%2Fv2%2Fcategories&post=8059"},{"taxonomy":"post_tag","embeddable":true,"href":"https:\/\/atecordoba.org\/index.php?rest_route=%2Fwp%2Fv2%2Ftags&post=8059"}],"curies":[{"name":"wp","href":"https:\/\/api.w.org\/{rel}","templated":true}]}}