{"id":8056,"date":"2017-02-16T16:02:48","date_gmt":"2017-02-16T19:02:48","guid":{"rendered":"http:\/\/www.atecordoba.org\/?p=8056"},"modified":"2017-02-16T16:02:48","modified_gmt":"2017-02-16T19:02:48","slug":"concentracion-frente-al-hospital-neurosiquiatrico","status":"publish","type":"post","link":"https:\/\/atecordoba.org\/?p=8056","title":{"rendered":"Concentraci\u00f3n frente al hospital neurosiqui\u00e1trico"},"content":{"rendered":"<p><em>La comunidad hospitalaria junto a trabajadores del centro de salud se congregaron en protesta por el proyecto de traslado.<\/em><\/p>\n<p><img loading=\"lazy\" decoding=\"async\" class=\"aligncenter size-full wp-image-8057\" src=\"http:\/\/www.atecordoba.org\/wp-content\/uploads\/2017\/02\/16-2-abrazo-neuro-e1487270815188.jpeg\" alt=\"\" width=\"550\" height=\"413\"><\/p>\n<p>La actividad se llev\u00f3 a cabo al mediod\u00eda ante la falta de informaci\u00f3n concreta sobre el destino de los institutos psiqui\u00e1tricos provinciales que se encuentran en barrio Juniors.<\/p>\n<p>Tras el anuncio del gobernador en la Legislatura de un futuro traslado del hospital Neurosiqui\u00e1trico, trabajadores junto a la comunidad hospitalaria exigieron certezas sobre el destino de los servicios, donde se garantice tranquilidad a los pacientes y sus familias de que se implementar\u00e1n los mecanismos sustitutivos para los tratamientos.<\/p>\n<p>&nbsp;<\/p>\n","protected":false},"excerpt":{"rendered":"<p>La comunidad hospitalaria junto a trabajadores del centro de salud se congregaron en protesta por el proyecto de traslado. La actividad se llev\u00f3 a cabo al mediod\u00eda ante la falta de informaci\u00f3n concreta sobre el destino de los institutos psiqui\u00e1tricos provinciales que se encuentran en barrio Juniors. Tras el anuncio del gobernador en la Legislatura [&hellip;]<\/p>\n","protected":false},"author":1,"featured_media":19220,"comment_status":"open","ping_status":"open","sticky":false,"template":"","format":"standard","meta":{"_exactmetrics_skip_tracking":false,"_exactmetrics_sitenote_active":false,"_exactmetrics_sitenote_note":"","_exactmetrics_sitenote_category":0,"jnews-multi-image_gallery":[],"jnews_single_post":[],"jnews_primary_category":[],"jnews_social_meta":[],"jnews_review":[],"enable_review":"","type":"","name":"","summary":"","brand":"","sku":"","good":[],"bad":[],"score_override":"","override_value":"","rating":[],"price":[],"jnews_override_counter":[],"jnews_post_split":[],"footnotes":""},"categories":[7,8,102],"tags":[],"class_list":["post-8056","post","type-post","status-publish","format-standard","has-post-thumbnail","hentry","category-hospitales","category-provinciales","category-salud-2"],"jetpack_featured_media_url":"https:\/\/atecordoba.org\/wp-content\/uploads\/2020\/05\/logo-nuevochico-e1561581322808.png","_links":{"self":[{"href":"https:\/\/atecordoba.org\/index.php?rest_route=\/wp\/v2\/posts\/8056","targetHints":{"allow":["GET"]}}],"collection":[{"href":"https:\/\/atecordoba.org\/index.php?rest_route=\/wp\/v2\/posts"}],"about":[{"href":"https:\/\/atecordoba.org\/index.php?rest_route=\/wp\/v2\/types\/post"}],"author":[{"embeddable":true,"href":"https:\/\/atecordoba.org\/index.php?rest_route=\/wp\/v2\/users\/1"}],"replies":[{"embeddable":true,"href":"https:\/\/atecordoba.org\/index.php?rest_route=%2Fwp%2Fv2%2Fcomments&post=8056"}],"version-history":[{"count":0,"href":"https:\/\/atecordoba.org\/index.php?rest_route=\/wp\/v2\/posts\/8056\/revisions"}],"wp:featuredmedia":[{"embeddable":true,"href":"https:\/\/atecordoba.org\/index.php?rest_route=\/wp\/v2\/media\/19220"}],"wp:attachment":[{"href":"https:\/\/atecordoba.org\/index.php?rest_route=%2Fwp%2Fv2%2Fmedia&parent=8056"}],"wp:term":[{"taxonomy":"category","embeddable":true,"href":"https:\/\/atecordoba.org\/index.php?rest_route=%2Fwp%2Fv2%2Fcategories&post=8056"},{"taxonomy":"post_tag","embeddable":true,"href":"https:\/\/atecordoba.org\/index.php?rest_route=%2Fwp%2Fv2%2Ftags&post=8056"}],"curies":[{"name":"wp","href":"https:\/\/api.w.org\/{rel}","templated":true}]}}