{"id":8051,"date":"2017-02-16T15:06:16","date_gmt":"2017-02-16T18:06:16","guid":{"rendered":"http:\/\/www.atecordoba.org\/?p=8051"},"modified":"2017-02-16T15:06:16","modified_gmt":"2017-02-16T18:06:16","slug":"asamblea-de-los-trabajadores-civiles-de-las-ff-aa","status":"publish","type":"post","link":"https:\/\/atecordoba.org\/?p=8051","title":{"rendered":"Asamblea de los trabajadores civiles de las FF.AA."},"content":{"rendered":"<p><em>Los paritarios de ATE informaron a los compa\u00f1eros del sector el nuevo convenio colectivo de trabajo sectorial en la guarnici\u00f3n A\u00e9rea C\u00f3rdoba.<\/em><\/p>\n<p><img loading=\"lazy\" decoding=\"async\" class=\"aligncenter size-full wp-image-8052\" src=\"http:\/\/www.atecordoba.org\/wp-content\/uploads\/2017\/02\/asamblea-e1487265255789.jpeg\" alt=\"\" width=\"550\" height=\"413\"><\/p>\n<p>El paritario Alejandro Charra encabez\u00f3 la asamblea donde unos 200 trabajadores se pusieron al tanto de las \u00faltimas novedades del Convenio Colectivo de Trabajo (CCT) de &#8220;Trabajadores Civiles y Docentes Civiles de las Fuerzas Armadas y de Seguridad de la Naci\u00f3n y el IOSFA&#8221; (Decreto 2539\/15).<\/p>\n<p>El encuentro se realiz\u00f3 el lunes pasado a partir de la convocatoria de la Junta Interna de ATE de la Guarnici\u00f3n A\u00e9rea C\u00f3rdoba.<\/p>\n<p>All\u00ed se repasaron las novedades respecto al reencasillamiento y las dilaciones que se vienen instrumentando desde el gobierno nacional en la fijaci\u00f3n de un valor para la Unidad Retributiva, que condiciona la discusi\u00f3n del salario del sector.<\/p>\n<p><img loading=\"lazy\" decoding=\"async\" class=\"aligncenter size-full wp-image-8053\" src=\"http:\/\/www.atecordoba.org\/wp-content\/uploads\/2017\/02\/charra-de-espalda-e1487265285400.jpeg\" alt=\"\" width=\"550\" height=\"413\"><\/p>\n<p>Junto a Charra estuvo el secretario de Organizaci\u00f3n del Consejo Directivo Provincial y tambi\u00e9n paritario, V\u00edctor Lecuona.<\/p>\n","protected":false},"excerpt":{"rendered":"<p>Los paritarios de ATE informaron a los compa\u00f1eros del sector el nuevo convenio colectivo de trabajo sectorial en la guarnici\u00f3n A\u00e9rea C\u00f3rdoba. El paritario Alejandro Charra encabez\u00f3 la asamblea donde unos 200 trabajadores se pusieron al tanto de las \u00faltimas novedades del Convenio Colectivo de Trabajo (CCT) de &#8220;Trabajadores Civiles y Docentes Civiles de las [&hellip;]<\/p>\n","protected":false},"author":1,"featured_media":19220,"comment_status":"open","ping_status":"open","sticky":false,"template":"","format":"standard","meta":{"_exactmetrics_skip_tracking":false,"_exactmetrics_sitenote_active":false,"_exactmetrics_sitenote_note":"","_exactmetrics_sitenote_category":0,"jnews-multi-image_gallery":[],"jnews_single_post":[],"jnews_primary_category":[],"jnews_social_meta":[],"jnews_review":[],"enable_review":"","type":"","name":"","summary":"","brand":"","sku":"","good":[],"bad":[],"score_override":"","override_value":"","rating":[],"price":[],"jnews_override_counter":[],"jnews_post_split":[],"footnotes":""},"categories":[18,9],"tags":[],"class_list":["post-8051","post","type-post","status-publish","format-standard","has-post-thumbnail","hentry","category-nacionales","category-trabajadores-civiles-ff-aa"],"jetpack_featured_media_url":"https:\/\/atecordoba.org\/wp-content\/uploads\/2020\/05\/logo-nuevochico-e1561581322808.png","_links":{"self":[{"href":"https:\/\/atecordoba.org\/index.php?rest_route=\/wp\/v2\/posts\/8051","targetHints":{"allow":["GET"]}}],"collection":[{"href":"https:\/\/atecordoba.org\/index.php?rest_route=\/wp\/v2\/posts"}],"about":[{"href":"https:\/\/atecordoba.org\/index.php?rest_route=\/wp\/v2\/types\/post"}],"author":[{"embeddable":true,"href":"https:\/\/atecordoba.org\/index.php?rest_route=\/wp\/v2\/users\/1"}],"replies":[{"embeddable":true,"href":"https:\/\/atecordoba.org\/index.php?rest_route=%2Fwp%2Fv2%2Fcomments&post=8051"}],"version-history":[{"count":0,"href":"https:\/\/atecordoba.org\/index.php?rest_route=\/wp\/v2\/posts\/8051\/revisions"}],"wp:featuredmedia":[{"embeddable":true,"href":"https:\/\/atecordoba.org\/index.php?rest_route=\/wp\/v2\/media\/19220"}],"wp:attachment":[{"href":"https:\/\/atecordoba.org\/index.php?rest_route=%2Fwp%2Fv2%2Fmedia&parent=8051"}],"wp:term":[{"taxonomy":"category","embeddable":true,"href":"https:\/\/atecordoba.org\/index.php?rest_route=%2Fwp%2Fv2%2Fcategories&post=8051"},{"taxonomy":"post_tag","embeddable":true,"href":"https:\/\/atecordoba.org\/index.php?rest_route=%2Fwp%2Fv2%2Ftags&post=8051"}],"curies":[{"name":"wp","href":"https:\/\/api.w.org\/{rel}","templated":true}]}}