{"id":8046,"date":"2017-02-14T17:10:25","date_gmt":"2017-02-14T20:10:25","guid":{"rendered":"http:\/\/www.atecordoba.org\/?p=8046"},"modified":"2017-02-14T17:10:25","modified_gmt":"2017-02-14T20:10:25","slug":"gravisima-situacion-afrontan-los-trabajadores-y-pacientes-de-la-maternidad-provincial","status":"publish","type":"post","link":"https:\/\/atecordoba.org\/?p=8046","title":{"rendered":"Grav\u00edsima situaci\u00f3n afrontan los trabajadores y pacientes de la Maternidad Provincial"},"content":{"rendered":"<p><em>Las fallas de una m\u00e1quina de esterilizaci\u00f3n produjeron ser\u00edas y profundas quemaduras a una trabajadora del sector el pasado 3 de febrero, que actualmente se encuentra recuper\u00e1ndose.<\/em><\/p>\n<p>&nbsp;<\/p>\n<p><img loading=\"lazy\" decoding=\"async\" class=\"aligncenter size-full wp-image-8022\" src=\"http:\/\/www.atecordoba.org\/wp-content\/uploads\/2017\/02\/frente-maternidad-bandera-ate-e1486061248425.jpg\" alt=\"\" width=\"550\" height=\"330\"><\/p>\n<p>La compa\u00f1era result\u00f3 con quemaduras de segundo grado en ambas piernas y pies cuando un escape de vapor a 400 grados se produjo en una de las dos autoclaves del centro de salud.<\/p>\n<p>Por nota, ATE reclam\u00f3 ante la direcci\u00f3n del nosocomio que el Ministerio de Salud d\u00e9 garant\u00edas ciertas de seguridad, que actualmente no existen, y brinde la ropa de seguridad adecuada. Nuestro gremio advirti\u00f3 tambi\u00e9n que las fallas de las maquinas ponen en riesgo tambi\u00e9n a los pacientes que se encuentran en la Maternidad.<\/p>\n<p>El pasado viernes la Direcci\u00f3n del hospital puso en marcha nuevamente el autoclave, tras su reparaci\u00f3n, y ayer lunes sali\u00f3 nuevamente de servicio.<\/p>\n<p>En consecuencia, y ante el riesgo cierto que el hospital se quede sin la aparatolog\u00eda necesaria a los efectos de cumplir con los par\u00e1metros de higiene y salubridad para realizar la atenci\u00f3n de las madres y los reci\u00e9n nacidos, y ante el riesgo para la salud de los trabajadores, ATE cumple con su obligaci\u00f3n de hacer p\u00fablica esta situaci\u00f3n.<\/p>\n<p>Cabe aclarar que desde nuestro gremio no avalamos ni promovemos ninguna tercerizaci\u00f3n del servicio, ya que esta alerta p\u00fablica tiene por objetivo representar el inter\u00e9s mayor de los trabajadores y reclamar la correcta atenci\u00f3n de los pacientes.<\/p>\n","protected":false},"excerpt":{"rendered":"<p>Las fallas de una m\u00e1quina de esterilizaci\u00f3n produjeron ser\u00edas y profundas quemaduras a una trabajadora del sector el pasado 3 de febrero, que actualmente se encuentra recuper\u00e1ndose. &nbsp; La compa\u00f1era result\u00f3 con quemaduras de segundo grado en ambas piernas y pies cuando un escape de vapor a 400 grados se produjo en una de las [&hellip;]<\/p>\n","protected":false},"author":1,"featured_media":19220,"comment_status":"open","ping_status":"open","sticky":false,"template":"","format":"standard","meta":{"_exactmetrics_skip_tracking":false,"_exactmetrics_sitenote_active":false,"_exactmetrics_sitenote_note":"","_exactmetrics_sitenote_category":0,"jnews-multi-image_gallery":[],"jnews_single_post":[],"jnews_primary_category":[],"jnews_social_meta":[],"jnews_review":[],"enable_review":"","type":"","name":"","summary":"","brand":"","sku":"","good":[],"bad":[],"score_override":"","override_value":"","rating":[],"price":[],"jnews_override_counter":[],"jnews_post_split":[],"footnotes":""},"categories":[7,8,102],"tags":[],"class_list":["post-8046","post","type-post","status-publish","format-standard","has-post-thumbnail","hentry","category-hospitales","category-provinciales","category-salud-2"],"jetpack_featured_media_url":"https:\/\/atecordoba.org\/wp-content\/uploads\/2020\/05\/logo-nuevochico-e1561581322808.png","_links":{"self":[{"href":"https:\/\/atecordoba.org\/index.php?rest_route=\/wp\/v2\/posts\/8046","targetHints":{"allow":["GET"]}}],"collection":[{"href":"https:\/\/atecordoba.org\/index.php?rest_route=\/wp\/v2\/posts"}],"about":[{"href":"https:\/\/atecordoba.org\/index.php?rest_route=\/wp\/v2\/types\/post"}],"author":[{"embeddable":true,"href":"https:\/\/atecordoba.org\/index.php?rest_route=\/wp\/v2\/users\/1"}],"replies":[{"embeddable":true,"href":"https:\/\/atecordoba.org\/index.php?rest_route=%2Fwp%2Fv2%2Fcomments&post=8046"}],"version-history":[{"count":0,"href":"https:\/\/atecordoba.org\/index.php?rest_route=\/wp\/v2\/posts\/8046\/revisions"}],"wp:featuredmedia":[{"embeddable":true,"href":"https:\/\/atecordoba.org\/index.php?rest_route=\/wp\/v2\/media\/19220"}],"wp:attachment":[{"href":"https:\/\/atecordoba.org\/index.php?rest_route=%2Fwp%2Fv2%2Fmedia&parent=8046"}],"wp:term":[{"taxonomy":"category","embeddable":true,"href":"https:\/\/atecordoba.org\/index.php?rest_route=%2Fwp%2Fv2%2Fcategories&post=8046"},{"taxonomy":"post_tag","embeddable":true,"href":"https:\/\/atecordoba.org\/index.php?rest_route=%2Fwp%2Fv2%2Ftags&post=8046"}],"curies":[{"name":"wp","href":"https:\/\/api.w.org\/{rel}","templated":true}]}}