{"id":8042,"date":"2017-02-14T12:04:46","date_gmt":"2017-02-14T15:04:46","guid":{"rendered":"http:\/\/www.atecordoba.org\/?p=8042"},"modified":"2020-06-09T15:39:01","modified_gmt":"2020-06-09T18:39:01","slug":"8-de-marzo-jornada-nacional-de-lucha-de-las-mujeres-de-ate","status":"publish","type":"post","link":"https:\/\/atecordoba.org\/?p=8042","title":{"rendered":"8 de marzo: Jornada Nacional de Lucha de las mujeres de ATE"},"content":{"rendered":"<p><em>En camino hacia el Paro General que se realizar\u00e1 la primera semana de marzo, el d\u00eda 8 se llevar\u00e1n a cabo actividades de g\u00e9nero en todo el pa\u00eds.<\/em><\/p>\n<p><img loading=\"lazy\" decoding=\"async\" class=\"aligncenter size-full wp-image-8043\" src=\"http:\/\/atecordoba.org\/wp-content\/uploads\/2020\/06\/mujeres-de-ATE-e1487084333737.jpg\" alt=\"\" width=\"550\" height=\"367\"><\/p>\n<p>El 8 de marzo, D\u00eda Internacional de la Mujer Trabajadora, se realizar\u00e1n acciones de p\u00fablicas, marchas y distintas propuestas de participaci\u00f3n social en todas las provincias, all\u00ed donde ATE cuenta con presencia territorial.<\/p>\n<p>La convocatoria est\u00e1 en sinton\u00eda con el proceso de construcci\u00f3n del Paro General, que tendr\u00e1 como primer escal\u00f3n la primera semana de marzo, donde participar\u00e1n gremios de todo el pa\u00eds. Para sumar fuerza organizada, las mujeres de ATE resolvieron convocar a una Jornada Nacional de Lucha para el 8 de marzo.<\/p>\n<p>La decisi\u00f3n fue tomada durante el Primer Encuentro Nacional de Mujeres de la Asociaci\u00f3n de Trabajadores del Estado, realizado a principios de febrero en el Consejo Directivo Nacional de ATE para definir la agenda de g\u00e9nero de 2017.<\/p>\n<p>En dicho encuentro participaron representantes sindicales de Buenos Aires, Misiones, Formosa, Jujuy, Tucum\u00e1n, Mendoza, Tierra del Fuego, La Rioja, San Luis, R\u00edo Negro, Rosario, C\u00f3rdoba, de juntas internas de Capital, y seccionales bonaerenses.<\/p>\n<p>Otras provincias definir\u00e1n sus actividades en los pr\u00f3ximos d\u00edas, para sumarse a las jornadas de luchas que ATE protagonizar\u00e1 junto a la CTA-A en cada territorio del pa\u00eds, en este nuevo 8 de Marzo, \u00a1D\u00eda de la Mujer Trabajadora!<\/p>\n<p>En l\u00ednea con lo que programado en otros distritos, el Consejo Directivo Provincial C\u00f3rdoba resolver\u00e1 en los pr\u00f3ximos d\u00edas las acciones a realizar.<\/p>\n","protected":false},"excerpt":{"rendered":"<p>En camino hacia el Paro General que se realizar\u00e1 la primera semana de marzo, el d\u00eda 8 se llevar\u00e1n a cabo actividades de g\u00e9nero en todo el pa\u00eds. El 8 de marzo, D\u00eda Internacional de la Mujer Trabajadora, se realizar\u00e1n acciones de p\u00fablicas, marchas y distintas propuestas de participaci\u00f3n social en todas las provincias, all\u00ed [&hellip;]<\/p>\n","protected":false},"author":1,"featured_media":19220,"comment_status":"open","ping_status":"open","sticky":false,"template":"","format":"standard","meta":{"_exactmetrics_skip_tracking":false,"_exactmetrics_sitenote_active":false,"_exactmetrics_sitenote_note":"","_exactmetrics_sitenote_category":0,"jnews-multi-image_gallery":[],"jnews_single_post":[],"jnews_primary_category":[],"jnews_social_meta":[],"jnews_review":[],"enable_review":"","type":"","name":"","summary":"","brand":"","sku":"","good":[],"bad":[],"score_override":"","override_value":"","rating":[],"price":[],"jnews_override_counter":[],"jnews_post_split":[],"footnotes":""},"categories":[325],"tags":[],"class_list":["post-8042","post","type-post","status-publish","format-standard","has-post-thumbnail","hentry","category-generos-y-diversidades"],"jetpack_featured_media_url":"https:\/\/atecordoba.org\/wp-content\/uploads\/2020\/05\/logo-nuevochico-e1561581322808.png","_links":{"self":[{"href":"https:\/\/atecordoba.org\/index.php?rest_route=\/wp\/v2\/posts\/8042","targetHints":{"allow":["GET"]}}],"collection":[{"href":"https:\/\/atecordoba.org\/index.php?rest_route=\/wp\/v2\/posts"}],"about":[{"href":"https:\/\/atecordoba.org\/index.php?rest_route=\/wp\/v2\/types\/post"}],"author":[{"embeddable":true,"href":"https:\/\/atecordoba.org\/index.php?rest_route=\/wp\/v2\/users\/1"}],"replies":[{"embeddable":true,"href":"https:\/\/atecordoba.org\/index.php?rest_route=%2Fwp%2Fv2%2Fcomments&post=8042"}],"version-history":[{"count":1,"href":"https:\/\/atecordoba.org\/index.php?rest_route=\/wp\/v2\/posts\/8042\/revisions"}],"predecessor-version":[{"id":19985,"href":"https:\/\/atecordoba.org\/index.php?rest_route=\/wp\/v2\/posts\/8042\/revisions\/19985"}],"wp:featuredmedia":[{"embeddable":true,"href":"https:\/\/atecordoba.org\/index.php?rest_route=\/wp\/v2\/media\/19220"}],"wp:attachment":[{"href":"https:\/\/atecordoba.org\/index.php?rest_route=%2Fwp%2Fv2%2Fmedia&parent=8042"}],"wp:term":[{"taxonomy":"category","embeddable":true,"href":"https:\/\/atecordoba.org\/index.php?rest_route=%2Fwp%2Fv2%2Fcategories&post=8042"},{"taxonomy":"post_tag","embeddable":true,"href":"https:\/\/atecordoba.org\/index.php?rest_route=%2Fwp%2Fv2%2Ftags&post=8042"}],"curies":[{"name":"wp","href":"https:\/\/api.w.org\/{rel}","templated":true}]}}