{"id":8039,"date":"2017-02-10T13:30:44","date_gmt":"2017-02-10T16:30:44","guid":{"rendered":"http:\/\/www.atecordoba.org\/?p=8039"},"modified":"2017-02-10T13:30:44","modified_gmt":"2017-02-10T16:30:44","slug":"tras-mas-de-nueve-horas-de-detencion-liberaron-rodolfo-aguiar","status":"publish","type":"post","link":"https:\/\/atecordoba.org\/?p=8039","title":{"rendered":"Tras m\u00e1s de nueve horas de detenci\u00f3n, liberaron Rodolfo Aguiar"},"content":{"rendered":"<p><em>El secretario General de ATE R\u00edo negro y CTA-A fue demorado&nbsp;durante la visita de Macri a Viedma.<\/em><\/p>\n<p><img loading=\"lazy\" decoding=\"async\" class=\"aligncenter size-full wp-image-8040\" src=\"http:\/\/www.atecordoba.org\/wp-content\/uploads\/2017\/02\/aguiar-liberado-e1486744206485.jpg\" alt=\"\" width=\"550\" height=\"235\"><\/p>\n<p><span class=\"\">Rodolfo Aguiar recuper\u00f3 la libertad,&nbsp; tras m\u00e1s de nueve horas de detenci\u00f3n por las actividades desarrolladas&nbsp; en Viedma en repudio y rechazo a la visita del presidente de la Naci\u00f3n,&nbsp; Mauricio Macri, a la provincia de R\u00edo Negro.&nbsp; Junto a Aguiar, corri\u00f3 la&nbsp; misma suerte el dirigente de los trabajadores de Educaci\u00f3n, Milton&nbsp; Ciocca, quien circunstancialmente se encontraba junto al m\u00e1ximo referente&nbsp; de ATE y CTA en la provincia, en momentos que la polic\u00eda sali\u00f3 a&nbsp; cazarlo.<\/span><\/p>\n<p class=\"texto\"><span class=\"\">Tras egresar de la sede policial, el referente de los trabajadores estatales rionegrino&nbsp; dispar\u00f3: &#8220;En nuestra provincia cada d\u00eda est\u00e1 m\u00e1s claro que si sos&nbsp; pol\u00edtico -aunque violes, robes o mates- and\u00e1s libre por la calle. Pero&nbsp; si sos trabajador, cualquier d\u00eda pod\u00e9s caer preso sin motivo alguno&#8221;.<\/span><\/p>\n<p class=\"texto\"><span class=\"\">&#8220;Queremos&nbsp; destacar las innumerables muestras de apoyo y solidaridad que llegaron&nbsp; de todo el pa\u00eds. Estamos convencidos que si no hubi\u00e9ramos tenido todo&nbsp; este acompa\u00f1amiento habr\u00eda sido imposible recuperar la libertad en tan&nbsp; poco tiempo&#8221;, agreg\u00f3 el dirigente y acto seguido enfatiz\u00f3: &#8220;Vinimos a&nbsp; Viedma a reclamar contra las pol\u00edticas de ajuste, saqueo y entrega del&nbsp; Gobierno Nacional -a las que abona el Gobierno Provincial- pero esta&nbsp; jornada que vivimos nos deja varias conclusiones importantes. Por un&nbsp; lado, el rol de los medios de comunicaci\u00f3n y, por otro lado, el de las&nbsp; fuerzas de seguridad y c\u00f3mo algunos agentes act\u00faan al margen total de la&nbsp; ley&#8221;.<\/span><\/p>\n<p class=\"texto\"><span class=\"\"><b>&nbsp;ATE&nbsp; cuestiona el rol de algunos medios, denuncia por apremios ilegales a&nbsp; polic\u00eda y demanda reuni\u00f3n urgente con el Jefe Civil de la fuerza&nbsp;<\/b><\/span><\/p>\n<p class=\"texto\"><span class=\"\">Sobre&nbsp; las acciones de los medios, el sindicalista indic\u00f3 que a primera hora&nbsp; del d\u00eda, desde la red social de una periodista devenida en funcionaria&nbsp; se manifest\u00f3: &#8220;Ah\u00ed est\u00e1 Aguiar, jodi\u00e9ndole la fiesta a la gente&#8221;.&nbsp; &#8220;Nos gustar\u00eda saber a qu\u00e9 fiesta se refiere la periodista. Porque ac\u00e1&nbsp; lisa y llanamente se est\u00e1 entregando la provincia. Adem\u00e1s, Aguiar le&nbsp; puede joder un d\u00eda a la gente, pero Macri nos jode la vida todos los&nbsp; d\u00edas&#8221;, enfatiz\u00f3 Aguiar.<\/span><\/p>\n<p class=\"texto\"><span class=\"\">En&nbsp; relaci\u00f3n al rol de la Polic\u00eda, el referente de ATE inform\u00f3:&nbsp; &#8220;Presentamos una denuncia por apremios ilegales contra un efectivo&nbsp; policial que, exaltado y totalmente falto de experiencia, actu\u00f3 al&nbsp; margen de ley contra mi persona; y al mismo tiempo estamos demandando&nbsp; una reuni\u00f3n urgente con el Jefe Civil de la Polic\u00eda por la preocupaci\u00f3n&nbsp; que tenemos sobre el uso de redes sociales, donde miembros de la polic\u00eda&nbsp; y familiares, alientan y apa\u00f1an la violencia institucional indicando,&nbsp; por ejemplo que &#8216;a Aguiar hay que pegarle un tiro en la cabeza&#8221;.<\/span><\/p>\n<p class=\"texto\"><span class=\"\"><b>Movilizaci\u00f3n y reclamo popular<\/b><\/span><\/p>\n<p class=\"texto\"><span class=\"\">&nbsp;Mientras&nbsp; los dirigentes detenidos se encontraban detenidos en el marco de la&nbsp; causa caratulada &#8220;Da\u00f1os agravados, resistencia a la autoridad y atentado&nbsp; en banda&#8221;, que tramita en el Juzgado de Instrucci\u00f3n N\u00famero 4 de la Capital provincial, a cargo de Carlos Mohamed Mussi; una multitud se congreg\u00f3 en vigilia y mont\u00f3 un campamento en las Comisar\u00edas 1 y 3, de Viedma y General Roca respectivamente.<\/span><\/p>\n<p class=\"texto\"><span class=\"\">Vale&nbsp; mencionar que la captura de Aguiar se produjo en las inmediaciones de&nbsp; la Plaza San Mart\u00edn, unos breves momentos luego que se descomprimiera el&nbsp; primer conflicto del d\u00eda en la zona del Aeropuerto. Lejos&nbsp; de mantener el clima de di\u00e1logo que se pudo entablar en las primeras&nbsp; horas del d\u00eda con funcionarios provinciales, las fuerzas de seguridad&nbsp; buscaron cualquier excusa posible para detener al dirigente y en el operativo no tuvieron ning\u00fan tipo de contemplaciones.<\/span><\/p>\n<p class=\"texto\"><span class=\"\">De&nbsp; cara al suelo y aun cuando estaba visiblemente superado, los efectivos&nbsp; policiales continuaron subyugando la humanidad de Aguiar. Fruto de la&nbsp; salvaje detenci\u00f3n, Aguiar termin\u00f3 con golpes en su torso, cabeza, cuello&nbsp; y manos. Algunas laceraciones y dem\u00e1s contusiones demandaron que el&nbsp; m\u00e9dico de la polic\u00eda demandara la realizaci\u00f3n de placas radiogr\u00e1ficas&nbsp; para chequear que el dirigente no tuviera otras lesiones internas. Tras&nbsp; su liberaci\u00f3n, Aguiar se realiz\u00f3 nuevos ex\u00e1menes en Salud P\u00fablica.<\/span><\/p>\n<p class=\"texto\"><span class=\"\"><b>&nbsp;Bloqueo del ingreso a Viedma<\/b><\/span><\/p>\n<p class=\"texto\"><span class=\"\">&nbsp;La jornada militante comenz\u00f3 antes que saliera el sol, cuando un grupo de militantes bloque\u00f3 el ingreso y egreso del Aeropuerto Gobernador Castello de&nbsp; la ciudad de Viedma, impidiendo la llegada a la ciudad del Presidente&nbsp; Mauricio Macri, miembros del Gabinete Nacional, Gobernadores y otros&nbsp; funcionarios que llegaban desde diferentes puntos del pa\u00eds para&nbsp; participar del acto del lanzamiento del denominado de un plan&nbsp; estructurado de entrega de la Patagonia.<\/span><\/p>\n<p class=\"texto\"><span class=\"\">Con&nbsp; gran precisi\u00f3n y anticipaci\u00f3n, la entidad sindical desarroll\u00f3 estas&nbsp; acciones con un nutrido grupo de dirigentes que lleg\u00f3 a la Zona&nbsp; Atl\u00e1ntica e hizo notar su reclamo con bombos, banderas y pancartas en&nbsp; repudio a la llegada de Macri.<\/span><\/p>\n<p class=\"texto\"><span class=\"\">Pese al impresionante operativo policial que se mont\u00f3 minutos despu\u00e9s, el conflicto se pudo descomprimir tras una reuni\u00f3n&nbsp; p\u00fablica que el Secretario General de ATE mantuvo con el Ministro de&nbsp; Gobierno de la Provincia de R\u00edo Negro, Luis Di Gi\u00e1como y el Secretario&nbsp; de Gobierno, Mat\u00edas Rulli.&nbsp; En ella los funcionarios asumieron el compromiso de transmitir las&nbsp; demandas e inquietudes de los trabajadores, en tanto que \u00e9stos se&nbsp; comprometieron a liberar los accesos. Los \u00faltimos cumplieron.<\/span><\/p>\n<p class=\"texto\"><span class=\"\"><b>&nbsp;Solidaridad cruz\u00f3 todas las fronteras<\/b><\/span><\/p>\n<p class=\"texto\"><span class=\"\">Apenas conocida la detenci\u00f3n de Rodolfo Aguiar, a las 9,30 de la ma\u00f1ana, comenzaron a alzarse voces populares en demanda de su inmediata liberaci\u00f3n.&nbsp; Con el correr de las horas, las muestras de solidaridad para con \u00e9l y&nbsp; las entidades que representa se fueron multiplicando hasta hacerse&nbsp; incontables. Vale destacar las comunicaciones de los Secretarios General&nbsp; y Adjunto de ATE Argentina, Hugo Godoy y Julio Fuentes; del Secretario General Adjunto de la CTA Aut\u00f3noma Nacional, Ricardo Peidr\u00f3; as\u00ed como tambi\u00e9n de dirigentes de ATE de distintos Consejos Directivos Provinciales, adem\u00e1s de un sinn\u00famero de Seccionales y Juntas Internas de Delegados.<\/span><\/p>\n<p class=\"texto\"><span class=\"\">El&nbsp; apoyo fue manifestado en la provincia, adem\u00e1s, por el sindicato docente&nbsp; UnTER y los trabajadores judiciales de Sitrajur; los docentes&nbsp; universitarios agrupados en ADUNC y la Asociaci\u00f3n Nacional de&nbsp; Trabajadores Autogestionados (ANTA) se sumaron al pedido de inmediata&nbsp; liberaci\u00f3n.<\/span><\/p>\n<p class=\"texto\"><span class=\"\">Desde el \u00e1mbito pol\u00edtico, distintas organizaciones y partidos manifestaron su acompa\u00f1amiento y solidaridad,&nbsp; la Unidad Popular (UP), el Partido de los Trabajadores y el Pueblo&nbsp; (PTP), el Partido Obrero (PO) y el Partido de los Trabajadores&nbsp; Socialistas (PTS) fueron algunos de los que reaccionaron con mayor&nbsp; celeridad. Cabe destacar la preocupaci\u00f3n y comunicaci\u00f3n de la Senadora&nbsp; Nacional, Magdalena Odarda quien se comunic\u00f3 directamente con los&nbsp; referentes rionegrinos para ponerse a disposici\u00f3n.<\/span><\/p>\n","protected":false},"excerpt":{"rendered":"<p>El secretario General de ATE R\u00edo negro y CTA-A fue demorado&nbsp;durante la visita de Macri a Viedma. Rodolfo Aguiar recuper\u00f3 la libertad,&nbsp; tras m\u00e1s de nueve horas de detenci\u00f3n por las actividades desarrolladas&nbsp; en Viedma en repudio y rechazo a la visita del presidente de la Naci\u00f3n,&nbsp; Mauricio Macri, a la provincia de R\u00edo Negro.&nbsp; [&hellip;]<\/p>\n","protected":false},"author":1,"featured_media":19220,"comment_status":"open","ping_status":"open","sticky":false,"template":"","format":"standard","meta":{"_exactmetrics_skip_tracking":false,"_exactmetrics_sitenote_active":false,"_exactmetrics_sitenote_note":"","_exactmetrics_sitenote_category":0,"jnews-multi-image_gallery":[],"jnews_single_post":[],"jnews_primary_category":[],"jnews_social_meta":[],"jnews_review":[],"enable_review":"","type":"","name":"","summary":"","brand":"","sku":"","good":[],"bad":[],"score_override":"","override_value":"","rating":[],"price":[],"jnews_override_counter":[],"jnews_post_split":[],"footnotes":""},"categories":[10],"tags":[],"class_list":["post-8039","post","type-post","status-publish","format-standard","has-post-thumbnail","hentry","category-accion-politica"],"jetpack_featured_media_url":"https:\/\/atecordoba.org\/wp-content\/uploads\/2020\/05\/logo-nuevochico-e1561581322808.png","_links":{"self":[{"href":"https:\/\/atecordoba.org\/index.php?rest_route=\/wp\/v2\/posts\/8039","targetHints":{"allow":["GET"]}}],"collection":[{"href":"https:\/\/atecordoba.org\/index.php?rest_route=\/wp\/v2\/posts"}],"about":[{"href":"https:\/\/atecordoba.org\/index.php?rest_route=\/wp\/v2\/types\/post"}],"author":[{"embeddable":true,"href":"https:\/\/atecordoba.org\/index.php?rest_route=\/wp\/v2\/users\/1"}],"replies":[{"embeddable":true,"href":"https:\/\/atecordoba.org\/index.php?rest_route=%2Fwp%2Fv2%2Fcomments&post=8039"}],"version-history":[{"count":0,"href":"https:\/\/atecordoba.org\/index.php?rest_route=\/wp\/v2\/posts\/8039\/revisions"}],"wp:featuredmedia":[{"embeddable":true,"href":"https:\/\/atecordoba.org\/index.php?rest_route=\/wp\/v2\/media\/19220"}],"wp:attachment":[{"href":"https:\/\/atecordoba.org\/index.php?rest_route=%2Fwp%2Fv2%2Fmedia&parent=8039"}],"wp:term":[{"taxonomy":"category","embeddable":true,"href":"https:\/\/atecordoba.org\/index.php?rest_route=%2Fwp%2Fv2%2Fcategories&post=8039"},{"taxonomy":"post_tag","embeddable":true,"href":"https:\/\/atecordoba.org\/index.php?rest_route=%2Fwp%2Fv2%2Ftags&post=8039"}],"curies":[{"name":"wp","href":"https:\/\/api.w.org\/{rel}","templated":true}]}}