{"id":8034,"date":"2017-02-09T13:36:35","date_gmt":"2017-02-09T16:36:35","guid":{"rendered":"http:\/\/www.atecordoba.org\/?p=8034"},"modified":"2017-02-09T13:36:35","modified_gmt":"2017-02-09T16:36:35","slug":"ate-repudia-la-detencion-del-secretario-general-del-cdp-de-rio-negro-y-exige-su-inmediata-liberacion","status":"publish","type":"post","link":"https:\/\/atecordoba.org\/?p=8034","title":{"rendered":"ATE repudia la detenci\u00f3n del secretario general del CDP de R\u00edo Negro y exige su inmediata liberaci\u00f3n"},"content":{"rendered":"<p class=\"titulo\"><em>Rodolfo Aguiar result\u00f3 detenido durante una visita de Macri a la ciudad de Viedma.<\/em><\/p>\n<p class=\"titulo\"><img loading=\"lazy\" decoding=\"async\" class=\"aligncenter size-full wp-image-8035\" src=\"http:\/\/www.atecordoba.org\/wp-content\/uploads\/2017\/02\/1-e1486658095527.jpg\" alt=\"\" width=\"550\" height=\"413\"><\/p>\n<p><span class=\"\">La conducci\u00f3n nacional de ATE le exigi\u00f3 al Gobierno provincial y nacional la inmediata liberaci\u00f3n de todos los dirigentes detenidos esta ma\u00f1ana, mientras se manifestaron libremente durante la llegada del presidente Mauricio Macri a Viedma.<\/span><\/p>\n<p class=\"texto\"><span class=\"\">Lejos de mantener el clima de di\u00e1logo que se pudo entablar en las primeras horas del d\u00eda con funcionarios provinciales, las fuerzas de seguridad detuvieron al dirigente en un salvaje operativo en el marco de la visita presidencial&nbsp;a la provincia de R\u00edo Negro.<\/span><\/p>\n<p class=\"texto\"><img loading=\"lazy\" decoding=\"async\" class=\"aligncenter size-full wp-image-8036\" src=\"http:\/\/www.atecordoba.org\/wp-content\/uploads\/2017\/02\/2-e1486658116144.jpg\" alt=\"\" width=\"550\" height=\"330\"><\/p>\n<p class=\"texto\"><span class=\"\">Las fuerzas de seguridad detuvieron a Rodolfo Aguiar, secretario General del Consejo Directivo Provincial rionegrino, y a otros dirigentes de ATE, que fueron trasladados a&nbsp; la Comisar\u00eda 30 de Barrio Guido. Una columna de manifestantes se traslad\u00f3 hasta la sede policial para reclamar la urgente liberaci\u00f3n.<\/span><\/p>\n<p class=\"texto\"><span class=\"\">Desde las primeras horas del d\u00eda, ATE bloque\u00f3 el ingreso al Aeropuerto de la ciudad de Viedma, en repudio y rechazo a la visita de Macri, <\/span><span class=\"\"> por el descontento generalizado de la comunidad a las pol\u00edticas p\u00fablicas desarrolladas por el Gobierno y el ajuste estructurado en todos los niveles y servicios.<\/span><\/p>\n<p class=\"texto\"><img loading=\"lazy\" decoding=\"async\" class=\"aligncenter size-full wp-image-8037\" src=\"http:\/\/www.atecordoba.org\/wp-content\/uploads\/2017\/02\/3-e1486658163773.jpg\" alt=\"\" width=\"550\" height=\"309\"><\/p>\n<p class=\"texto\"><span class=\"\">\u201cNos averg\u00fcenza que se haya elegido a nuestra provincia como sede para el lanzamiento y consolidaci\u00f3n de pol\u00edticas que est\u00e1n golpeando con dureza a los trabajadores, jubilados y a todo el pueblo. Este d\u00eda pasar\u00e1 a la historia como aquel en el que un presidente present\u00f3 en nuestra Capital el Proyecto \u2018Entrega de la Patagonia&#8221;, resalt\u00f3 Aguiar, que tambi\u00e9n es secretario General de la CTA, y remarc\u00f3 que \u201cMacri debe sentir que ya no se soporta tanto ajuste y que \u00e9l es el responsable que miles de hogares hayan ca\u00eddo por debajo de la l\u00ednea de la pobreza en el \u00faltimo tiempo&#8221;.<\/span><\/p>\n","protected":false},"excerpt":{"rendered":"<p>Rodolfo Aguiar result\u00f3 detenido durante una visita de Macri a la ciudad de Viedma. La conducci\u00f3n nacional de ATE le exigi\u00f3 al Gobierno provincial y nacional la inmediata liberaci\u00f3n de todos los dirigentes detenidos esta ma\u00f1ana, mientras se manifestaron libremente durante la llegada del presidente Mauricio Macri a Viedma. Lejos de mantener el clima de [&hellip;]<\/p>\n","protected":false},"author":1,"featured_media":19220,"comment_status":"open","ping_status":"open","sticky":false,"template":"","format":"standard","meta":{"_exactmetrics_skip_tracking":false,"_exactmetrics_sitenote_active":false,"_exactmetrics_sitenote_note":"","_exactmetrics_sitenote_category":0,"jnews-multi-image_gallery":[],"jnews_single_post":[],"jnews_primary_category":[],"jnews_social_meta":[],"jnews_review":[],"enable_review":"","type":"","name":"","summary":"","brand":"","sku":"","good":[],"bad":[],"score_override":"","override_value":"","rating":[],"price":[],"jnews_override_counter":[],"jnews_post_split":[],"footnotes":""},"categories":[10],"tags":[],"class_list":["post-8034","post","type-post","status-publish","format-standard","has-post-thumbnail","hentry","category-accion-politica"],"jetpack_featured_media_url":"https:\/\/atecordoba.org\/wp-content\/uploads\/2020\/05\/logo-nuevochico-e1561581322808.png","_links":{"self":[{"href":"https:\/\/atecordoba.org\/index.php?rest_route=\/wp\/v2\/posts\/8034","targetHints":{"allow":["GET"]}}],"collection":[{"href":"https:\/\/atecordoba.org\/index.php?rest_route=\/wp\/v2\/posts"}],"about":[{"href":"https:\/\/atecordoba.org\/index.php?rest_route=\/wp\/v2\/types\/post"}],"author":[{"embeddable":true,"href":"https:\/\/atecordoba.org\/index.php?rest_route=\/wp\/v2\/users\/1"}],"replies":[{"embeddable":true,"href":"https:\/\/atecordoba.org\/index.php?rest_route=%2Fwp%2Fv2%2Fcomments&post=8034"}],"version-history":[{"count":0,"href":"https:\/\/atecordoba.org\/index.php?rest_route=\/wp\/v2\/posts\/8034\/revisions"}],"wp:featuredmedia":[{"embeddable":true,"href":"https:\/\/atecordoba.org\/index.php?rest_route=\/wp\/v2\/media\/19220"}],"wp:attachment":[{"href":"https:\/\/atecordoba.org\/index.php?rest_route=%2Fwp%2Fv2%2Fmedia&parent=8034"}],"wp:term":[{"taxonomy":"category","embeddable":true,"href":"https:\/\/atecordoba.org\/index.php?rest_route=%2Fwp%2Fv2%2Fcategories&post=8034"},{"taxonomy":"post_tag","embeddable":true,"href":"https:\/\/atecordoba.org\/index.php?rest_route=%2Fwp%2Fv2%2Ftags&post=8034"}],"curies":[{"name":"wp","href":"https:\/\/api.w.org\/{rel}","templated":true}]}}