{"id":8030,"date":"2017-02-09T11:17:20","date_gmt":"2017-02-09T14:17:20","guid":{"rendered":"http:\/\/www.atecordoba.org\/?p=8030"},"modified":"2017-02-09T11:17:20","modified_gmt":"2017-02-09T14:17:20","slug":"se-reunio-la-cta-autonoma-para-definir-nuevas-medidas-de-fuerza","status":"publish","type":"post","link":"https:\/\/atecordoba.org\/?p=8030","title":{"rendered":"Se reuni\u00f3 la CTA-Aut\u00f3noma para definir nuevas medidas de fuerza"},"content":{"rendered":"<p><em>Con la idea de fortalecer la organizaci\u00f3n para pelear contra el ajuste, la conducci\u00f3n de la Central planific\u00f3 medidas de acci\u00f3n directa para construir el paro nacional.<\/em><\/p>\n<p><img loading=\"lazy\" decoding=\"async\" class=\"aligncenter size-full wp-image-8031\" src=\"http:\/\/www.atecordoba.org\/wp-content\/uploads\/2017\/02\/conduccion-cta-reunion-7-2-e1486649723300.jpg\" alt=\"\" width=\"550\" height=\"284\"><\/p>\n<p><span class=\"\">La reuni\u00f3n se realiz\u00f3 en la sede nacional de la CTA Aut\u00f3noma&nbsp;a partir de la convocatoria de la Conducci\u00f3n Nacional que cont\u00f3 con la presencia de la mayor\u00eda de la Comisi\u00f3n Ejecutiva Nacional, secretarios generales provinciales y secretarios generales de Federaciones y Gremios Nacionales. Durante varias horas se discuti\u00f3 en torno a la necesidad de fortalecer la organizaci\u00f3n para enfrenar el ajuste y realizar acciones pol\u00edtico gremiales en camino a la construcci\u00f3n del Paro Nacional.<\/span><\/p>\n<p class=\"texto\"><span class=\"\">En su informe pol\u00edtico, el secretario General Adjunto de la Central, Ricardo Peidro, dio la bienvenida a la nueva casa de la CTA Aut\u00f3noma, -ubicado en el barrio porte\u00f1o de Almagro- la cual fue alquilada tal como se resolvi\u00f3 en el plenario realizado el a\u00f1o pasado en la sede de AAPM, ante los costos que implicaba mantener el edificio de calle Lima. \u201cVer\u00e1n que hay muchos espacios de reuniones, porque esperamos que este sea un lugar de encuentro, debate y acci\u00f3n\u201d, dijo.<\/span><\/p>\n<p class=\"texto\"><span class=\"\">El dirigente habl\u00f3 de la importancia de funcionar en el marco de la libertad y democracia sindical \u201cque pregonamos y exigimos a los gobiernos y patrones\u201d. En este sentido es que debe construirse la unidad en la lucha, en la acci\u00f3n. \u201cNo creemos en la unidad org\u00e1nica decidida por dos dirigentes en un despacho, sin discusi\u00f3n. A lo largo y ancho del pa\u00eds no hubo una sola organizaci\u00f3n de la Central, ni la Mesa de la CTA, que haya discutido esa unidad de la que se habla en los medios\u201d.<\/span><\/p>\n<p class=\"texto\"><span class=\"\">En tanto, manifest\u00f3 que desde el gobierno \u201cest\u00e1n aplicando el ajuste de manera expl\u00edcita, no hay ning\u00fan reparo. Y tampoco ocultan quien es el que tiene que pagar el ajuste: somos los trabajadores con las recetas de siempre: flexibilizaci\u00f3n laboral, paritarias a la baja, inflaci\u00f3n, tarifazos, despidos, favorecer las importaciones, etc\u201d.<\/span><\/p>\n<p class=\"texto\"><span class=\"\">Ante esta caracterizaci\u00f3n, el debate de la Mesa gir\u00f3 en torno a avanzar en las decisiones y estrategias que deban tenerse en cuenta contra los avances que el gobierno y las patronales quieren hacer sobre los derechos de la clase trabajadora.<\/span><\/p>\n<p class=\"texto\"><span class=\"\">Tal es el ejemplo del ajuste que se est\u00e1 aplicando a los trabajadores estatales, que ante esto la CTA Aut\u00f3noma decidi\u00f3 alentar la unidad de los trabajadores estatales, con encuentros que busquen trazar l\u00edneas de acci\u00f3n. En esta l\u00ednea, la CTA Aut\u00f3noma ser\u00e1 convocante en las medidas de acci\u00f3n propuestas por los sindicatos estatales para la primera semana de marzo.<\/span><\/p>\n<p class=\"texto\"><span class=\"\">Asimismo, se decidi\u00f3 la realizaci\u00f3n a mediados de marzo de un encuentro de los sindicatos del \u00e1mbito privado, que son los principales perjudicados por la flexibilizaci\u00f3n laboral. En tanto, se alentar\u00e1n y acompa\u00f1ar\u00e1n todos los conflictos que se desarrollen en los diferentes lugares de trabajo, a\u00fan de aquellos que no est\u00e9n organizados en la Central, a fin de acordar acciones comunes. En la misma l\u00ednea se propiciar\u00e1 un encuentro de organizaciones y movimientos sociales para fortalecer las luchas en los territorios.<\/span><\/p>\n<p class=\"texto\"><span class=\"\">En el marco de las distintas iniciativas propuestas, se decidi\u00f3 ser parte de las convocatorias que resuelva el colectivo de mujeres de cara a la jornada internacional de lucha que ser\u00e1 el pr\u00f3ximo 8 de marzo, D\u00eda de la Mujer Trabajadora.<\/span><\/p>\n<p class=\"texto\"><span class=\"\">Ante la proximidad del 24 de marzo, se resolvi\u00f3 movilizar en todo el pa\u00eds, como cada a\u00f1o, pero m\u00e1s a\u00fan en un momento donde est\u00e1n intentando reinstalar la teor\u00eda de los dos demonios, relativizando el genocidio, la existencia de los campos clandestinos de detenci\u00f3n y la cantidad de compa\u00f1eros detenidos desaparecidos. Como est\u00e1 en su historia, la CTA seguir\u00e1 luchando en defensa de los derechos humanos de ayer y de hoy.<\/span><\/p>\n<p class=\"texto\"><span class=\"\">En ese sentido se mencion\u00f3 la importancia de seguir impulsando el Espacio &#8220;No a la Baja&#8221;, y alentar la realizaci\u00f3n de una Campa\u00f1a Nacional que busque frenar el intento del Gobierno nacional de bajar la edad de imputabilidad y que discuta estrategias pol\u00edticas que resuelvan realmente los problemas de los pibes y pibas.<\/span><\/p>\n<p class=\"texto\"><span class=\"\">Se destac\u00f3 la necesidad de abrir un camino de debates y plenarios en todo el pa\u00eds, que nos permitan generar las condiciones para un congreso nacional de la CTA- A este a\u00f1o, para que nos reunamos miles de compa\u00f1eros y compa\u00f1eras para pensar qu\u00e9 tipo de organizaci\u00f3n sindical necesitamos en esta etapa.<\/span><\/p>\n<p class=\"texto\"><span class=\"\">La Mesa se expidi\u00f3 contra el pedido de desafuero gremial solicitado por la Fiscal\u00eda de San Luis sobre cinco delegados docentes del Centro Educativo Nro 8, que forman parte de la Central de esa provincia.<\/span><\/p>\n<p class=\"texto\"><span class=\"\">Se repudi\u00f3 tambi\u00e9n el intento de intervenci\u00f3n a la Federaci\u00f3n de la Industria Azucarera de Tucum\u00e1n, acci\u00f3n que ya hab\u00eda sido rechazada con la solidaridad de la CTA A Tucum\u00e1n y el Departamento Jur\u00eddico de la Central.<\/span><\/p>\n<p class=\"texto\"><span class=\"\">Para la discusi\u00f3n de la Coyuntura Nacional, se puso a disposici\u00f3n de los compa\u00f1eros y compa\u00f1eras un informe elaborado conjuntamente por el Observatorio del Derecho Social y la Secretar\u00eda de Formaci\u00f3n de la CTA A, que pr\u00f3ximamente ser\u00e1 difundido.<\/span><\/p>\n","protected":false},"excerpt":{"rendered":"<p>Con la idea de fortalecer la organizaci\u00f3n para pelear contra el ajuste, la conducci\u00f3n de la Central planific\u00f3 medidas de acci\u00f3n directa para construir el paro nacional. La reuni\u00f3n se realiz\u00f3 en la sede nacional de la CTA Aut\u00f3noma&nbsp;a partir de la convocatoria de la Conducci\u00f3n Nacional que cont\u00f3 con la presencia de la mayor\u00eda [&hellip;]<\/p>\n","protected":false},"author":1,"featured_media":19220,"comment_status":"open","ping_status":"open","sticky":false,"template":"","format":"standard","meta":{"_exactmetrics_skip_tracking":false,"_exactmetrics_sitenote_active":false,"_exactmetrics_sitenote_note":"","_exactmetrics_sitenote_category":0,"jnews-multi-image_gallery":[],"jnews_single_post":[],"jnews_primary_category":[],"jnews_social_meta":[],"jnews_review":[],"enable_review":"","type":"","name":"","summary":"","brand":"","sku":"","good":[],"bad":[],"score_override":"","override_value":"","rating":[],"price":[],"jnews_override_counter":[],"jnews_post_split":[],"footnotes":""},"categories":[92],"tags":[],"class_list":["post-8030","post","type-post","status-publish","format-standard","has-post-thumbnail","hentry","category-cta"],"jetpack_featured_media_url":"https:\/\/atecordoba.org\/wp-content\/uploads\/2020\/05\/logo-nuevochico-e1561581322808.png","_links":{"self":[{"href":"https:\/\/atecordoba.org\/index.php?rest_route=\/wp\/v2\/posts\/8030","targetHints":{"allow":["GET"]}}],"collection":[{"href":"https:\/\/atecordoba.org\/index.php?rest_route=\/wp\/v2\/posts"}],"about":[{"href":"https:\/\/atecordoba.org\/index.php?rest_route=\/wp\/v2\/types\/post"}],"author":[{"embeddable":true,"href":"https:\/\/atecordoba.org\/index.php?rest_route=\/wp\/v2\/users\/1"}],"replies":[{"embeddable":true,"href":"https:\/\/atecordoba.org\/index.php?rest_route=%2Fwp%2Fv2%2Fcomments&post=8030"}],"version-history":[{"count":0,"href":"https:\/\/atecordoba.org\/index.php?rest_route=\/wp\/v2\/posts\/8030\/revisions"}],"wp:featuredmedia":[{"embeddable":true,"href":"https:\/\/atecordoba.org\/index.php?rest_route=\/wp\/v2\/media\/19220"}],"wp:attachment":[{"href":"https:\/\/atecordoba.org\/index.php?rest_route=%2Fwp%2Fv2%2Fmedia&parent=8030"}],"wp:term":[{"taxonomy":"category","embeddable":true,"href":"https:\/\/atecordoba.org\/index.php?rest_route=%2Fwp%2Fv2%2Fcategories&post=8030"},{"taxonomy":"post_tag","embeddable":true,"href":"https:\/\/atecordoba.org\/index.php?rest_route=%2Fwp%2Fv2%2Ftags&post=8030"}],"curies":[{"name":"wp","href":"https:\/\/api.w.org\/{rel}","templated":true}]}}