{"id":8026,"date":"2017-02-07T15:03:59","date_gmt":"2017-02-07T18:03:59","guid":{"rendered":"http:\/\/www.atecordoba.org\/?p=8026"},"modified":"2017-02-07T15:03:59","modified_gmt":"2017-02-07T18:03:59","slug":"godoy-respondio-al-ministro-cabrera-los-estatales-de-hoy-ya-son-comprometidos-y-capacitados","status":"publish","type":"post","link":"https:\/\/atecordoba.org\/?p=8026","title":{"rendered":"Godoy respondi\u00f3 al ministro Cabrera: &#8216;los estatales de hoy ya son comprometidos y capacitados&#8217;"},"content":{"rendered":"<p><em>As\u00ed se expres\u00f3 Hugo \u201cCachorro\u201d Godoy, Secretario General de ATE nacional, ante la nueva iniciativa del Ministerio de Modernizaci\u00f3n. Sostuvo que la capacitaci\u00f3n es bienvenida pero que no debe ser una excusa para el ajuste.<\/em><\/p>\n<p>(fuente: ate.org.ar)<\/p>\n<p><img loading=\"lazy\" decoding=\"async\" class=\"aligncenter size-full wp-image-8027\" src=\"http:\/\/www.atecordoba.org\/wp-content\/uploads\/2017\/02\/godoy-sentado-e1486484242412.jpg\" alt=\"godoy-sentado\" width=\"550\" height=\"366\"><\/p>\n<p>El&nbsp;<span class=\"\">Gobierno difundi\u00f3 una propuesta para capacitar y rendir ex\u00e1menes a los trabajadores estatales con una suerte de premios y castigos seg\u00fan su propia evaluaci\u00f3n. Ante esto, Hugo Godoy, en declaraciones radiales se\u00f1al\u00f3 que &#8220;todo anuncio de formaci\u00f3n es una cosa positiva, el problema es que se hace en un marco en el que la l\u00ednea principal de avance del gobierno es de un ajuste que recae sobre los trabajadores, entonces ah\u00ed es donde empiezan las prevenciones y las preocupaciones\u201d.<\/span><\/p>\n<p class=\"texto\"><span class=\"\">&#8220;Los trabajadores de hoy ya son comprometidos y capacitados, no vamos partir la idea de que los trabajadores somos malos y deshonestos\u201d, resalt\u00f3 Godoy quien adem\u00e1s aclar\u00f3 que &#8220;todo lo que tenga que ver con las condiciones laborales debe discutirse en las paritarias y nosotros trabajamos para que los derechos del trabajador sean reconocidos\u201d.<\/span><\/p>\n<p class=\"texto\"><span class=\"\">La intenci\u00f3n del Gobierno es modificar la carrera de los trabajadores estatales hasta el punto de penalizar a quienes no mejoren su formaci\u00f3n a lo largo de los a\u00f1os y premiar con incrementos salariales por encima de la inflaci\u00f3n a quienes mejoren su capacitaci\u00f3n mediante el estudio.<\/span><\/p>\n<p class=\"texto\"><span class=\"\">\u201cEl gobierno viene actuando con absoluta discriminaci\u00f3n, ech\u00f3 miles de trabajadores con sueldos de 9, 10, 12 mil pesos e incorpor\u00f3 personal jer\u00e1rquico con sueldos de 50, 60 mil pesos o m\u00e1s. Dijeron que no iban a despedir y empezamos el a\u00f1o con 3 mil despidos en el Ministerio de Educaci\u00f3n, con modificaci\u00f3n de programas. Adem\u00e1s nos preocupa que quieran hacer un negocio con universidades privadas con la justificaci\u00f3n de la necesaria formaci\u00f3n de los trabajadores y, por otro lado, que despu\u00e9s quieran establecer normas de relaciones laborales vinculadas a la \u201cproductividad\u201d o cualquier otro concepto por el estilo que en realidad lo que encubren son intensiones de ajuste\u201d, explic\u00f3 Godoy.<\/span><\/p>\n<p class=\"texto\"><span class=\"\">En ese marco, se\u00f1al\u00f3 que \u201cen sus propias pablaras el ministro Ibarra dice \u00b4\u00bfSe imaginan ir a una oficina p\u00fablica y que los atienda un empleado comprometido y formado?\u00b4 y pareciera que no sabe que el compromiso de los trabajadores cotidianamente es muy grande y el esfuerzo de formarse tambi\u00e9n lo es. \u00c9l lo desconoce y no lo valora, porque los trabajadores somos consientes de que nuestro verdadero patr\u00f3n es el pueblo y que por lo tanto para \u00e9l trabajamos\u201d.<\/span><\/p>\n<p class=\"texto\"><span class=\"\">\u201cEl problema es que hay gobernantes que se creen due\u00f1os del Estado, que lo utilizan para sus pol\u00edticas de enriquecimiento como funcionarios. Nosotros somos claros al decir que ninguna modificaci\u00f3n de las condiciones salariales y laborales podr\u00e1 concretarse si no es en el marco de la discusi\u00f3n paritaria, y no vamos a permitir ni discriminaciones, ni aplicaciones de criterios de ajuste que vayan en contra de las necesidades de los trabajadores\u201d.<\/span><\/p>\n<p class=\"texto\"><span class=\"\">Finalmente, Godoy mencion\u00f3 que \u201cestamos discutiendo medidas de fuerza, vamos a convocar en los pr\u00f3ximos d\u00edas una reuni\u00f3n del Consejo Directivo Nacional frente al intento de los gobiernos provinciales y nacional de imponer un techo salarial que evidentemente no lo vamos a permitir, porque el gobierno quiere que nos resignemos a perder lo que perdimos el a\u00f1o pasado que fue un alto nivel de capacidad salarial\u201d. Y a\u00f1adi\u00f3: \u201cvamos a cumplir con la responsabilidad que tenemos de romper ese techo salarial que nos quieren imponer los gobernantes\u201d.<\/span><\/p>\n","protected":false},"excerpt":{"rendered":"<p>As\u00ed se expres\u00f3 Hugo \u201cCachorro\u201d Godoy, Secretario General de ATE nacional, ante la nueva iniciativa del Ministerio de Modernizaci\u00f3n. Sostuvo que la capacitaci\u00f3n es bienvenida pero que no debe ser una excusa para el ajuste. (fuente: ate.org.ar) El&nbsp;Gobierno difundi\u00f3 una propuesta para capacitar y rendir ex\u00e1menes a los trabajadores estatales con una suerte de premios [&hellip;]<\/p>\n","protected":false},"author":1,"featured_media":19220,"comment_status":"open","ping_status":"open","sticky":false,"template":"","format":"standard","meta":{"_exactmetrics_skip_tracking":false,"_exactmetrics_sitenote_active":false,"_exactmetrics_sitenote_note":"","_exactmetrics_sitenote_category":0,"jnews-multi-image_gallery":[],"jnews_single_post":[],"jnews_primary_category":[],"jnews_social_meta":[],"jnews_review":[],"enable_review":"","type":"","name":"","summary":"","brand":"","sku":"","good":[],"bad":[],"score_override":"","override_value":"","rating":[],"price":[],"jnews_override_counter":[],"jnews_post_split":[],"footnotes":""},"categories":[10,18],"tags":[],"class_list":["post-8026","post","type-post","status-publish","format-standard","has-post-thumbnail","hentry","category-accion-politica","category-nacionales"],"jetpack_featured_media_url":"https:\/\/atecordoba.org\/wp-content\/uploads\/2020\/05\/logo-nuevochico-e1561581322808.png","_links":{"self":[{"href":"https:\/\/atecordoba.org\/index.php?rest_route=\/wp\/v2\/posts\/8026","targetHints":{"allow":["GET"]}}],"collection":[{"href":"https:\/\/atecordoba.org\/index.php?rest_route=\/wp\/v2\/posts"}],"about":[{"href":"https:\/\/atecordoba.org\/index.php?rest_route=\/wp\/v2\/types\/post"}],"author":[{"embeddable":true,"href":"https:\/\/atecordoba.org\/index.php?rest_route=\/wp\/v2\/users\/1"}],"replies":[{"embeddable":true,"href":"https:\/\/atecordoba.org\/index.php?rest_route=%2Fwp%2Fv2%2Fcomments&post=8026"}],"version-history":[{"count":0,"href":"https:\/\/atecordoba.org\/index.php?rest_route=\/wp\/v2\/posts\/8026\/revisions"}],"wp:featuredmedia":[{"embeddable":true,"href":"https:\/\/atecordoba.org\/index.php?rest_route=\/wp\/v2\/media\/19220"}],"wp:attachment":[{"href":"https:\/\/atecordoba.org\/index.php?rest_route=%2Fwp%2Fv2%2Fmedia&parent=8026"}],"wp:term":[{"taxonomy":"category","embeddable":true,"href":"https:\/\/atecordoba.org\/index.php?rest_route=%2Fwp%2Fv2%2Fcategories&post=8026"},{"taxonomy":"post_tag","embeddable":true,"href":"https:\/\/atecordoba.org\/index.php?rest_route=%2Fwp%2Fv2%2Ftags&post=8026"}],"curies":[{"name":"wp","href":"https:\/\/api.w.org\/{rel}","templated":true}]}}