{"id":8024,"date":"2017-02-03T14:45:06","date_gmt":"2017-02-03T17:45:06","guid":{"rendered":"http:\/\/www.atecordoba.org\/?p=8024"},"modified":"2017-02-03T14:45:06","modified_gmt":"2017-02-03T17:45:06","slug":"sin-atencion-en-el-centro-de-jubilados","status":"publish","type":"post","link":"https:\/\/atecordoba.org\/?p=8024","title":{"rendered":"Sin atenci\u00f3n en el Centro de Jubilados"},"content":{"rendered":"<p><em>El Centro de Jubilados de la Provincia&nbsp;informa que permanecer\u00e1 cerrado desde el 6 hasta el 22 febrero.<\/em><\/p>\n<p>&nbsp;<\/p>\n<p>Seg\u00fan inform\u00f3 la presidenta del Centro de Jubilados, Carmen Neder, la medida ser\u00e1 tomada&nbsp; por razones de fuerza mayor.&nbsp;<\/p>\n<p>A partir del&nbsp;mi\u00e9rcoles 23 el Centro retomar\u00e1 su actividad habitual.&nbsp;<\/p>\n","protected":false},"excerpt":{"rendered":"<p>El Centro de Jubilados de la Provincia&nbsp;informa que permanecer\u00e1 cerrado desde el 6 hasta el 22 febrero. &nbsp; Seg\u00fan inform\u00f3 la presidenta del Centro de Jubilados, Carmen Neder, la medida ser\u00e1 tomada&nbsp; por razones de fuerza mayor.&nbsp; A partir del&nbsp;mi\u00e9rcoles 23 el Centro retomar\u00e1 su actividad habitual.&nbsp;<\/p>\n","protected":false},"author":1,"featured_media":19220,"comment_status":"open","ping_status":"open","sticky":false,"template":"","format":"standard","meta":{"_exactmetrics_skip_tracking":false,"_exactmetrics_sitenote_active":false,"_exactmetrics_sitenote_note":"","_exactmetrics_sitenote_category":0,"jnews-multi-image_gallery":[],"jnews_single_post":[],"jnews_primary_category":[],"jnews_social_meta":[],"jnews_review":[],"enable_review":"","type":"","name":"","summary":"","brand":"","sku":"","good":[],"bad":[],"score_override":"","override_value":"","rating":[],"price":[],"jnews_override_counter":[],"jnews_post_split":[],"footnotes":""},"categories":[22],"tags":[],"class_list":["post-8024","post","type-post","status-publish","format-standard","has-post-thumbnail","hentry","category-jubilados"],"jetpack_featured_media_url":"https:\/\/atecordoba.org\/wp-content\/uploads\/2020\/05\/logo-nuevochico-e1561581322808.png","_links":{"self":[{"href":"https:\/\/atecordoba.org\/index.php?rest_route=\/wp\/v2\/posts\/8024","targetHints":{"allow":["GET"]}}],"collection":[{"href":"https:\/\/atecordoba.org\/index.php?rest_route=\/wp\/v2\/posts"}],"about":[{"href":"https:\/\/atecordoba.org\/index.php?rest_route=\/wp\/v2\/types\/post"}],"author":[{"embeddable":true,"href":"https:\/\/atecordoba.org\/index.php?rest_route=\/wp\/v2\/users\/1"}],"replies":[{"embeddable":true,"href":"https:\/\/atecordoba.org\/index.php?rest_route=%2Fwp%2Fv2%2Fcomments&post=8024"}],"version-history":[{"count":0,"href":"https:\/\/atecordoba.org\/index.php?rest_route=\/wp\/v2\/posts\/8024\/revisions"}],"wp:featuredmedia":[{"embeddable":true,"href":"https:\/\/atecordoba.org\/index.php?rest_route=\/wp\/v2\/media\/19220"}],"wp:attachment":[{"href":"https:\/\/atecordoba.org\/index.php?rest_route=%2Fwp%2Fv2%2Fmedia&parent=8024"}],"wp:term":[{"taxonomy":"category","embeddable":true,"href":"https:\/\/atecordoba.org\/index.php?rest_route=%2Fwp%2Fv2%2Fcategories&post=8024"},{"taxonomy":"post_tag","embeddable":true,"href":"https:\/\/atecordoba.org\/index.php?rest_route=%2Fwp%2Fv2%2Ftags&post=8024"}],"curies":[{"name":"wp","href":"https:\/\/api.w.org\/{rel}","templated":true}]}}