{"id":8020,"date":"2017-02-02T15:53:40","date_gmt":"2017-02-02T18:53:40","guid":{"rendered":"http:\/\/www.atecordoba.org\/?p=8020"},"modified":"2017-02-02T15:53:40","modified_gmt":"2017-02-02T18:53:40","slug":"la-maternidad-provincial-dijo-no-al-18-de-schiaretti","status":"publish","type":"post","link":"https:\/\/atecordoba.org\/?p=8020","title":{"rendered":"La Maternidad Provincial dijo no al 18% de Schiaretti"},"content":{"rendered":"<p><em>Trabajadores del centro de salud se convocaron frente al hospital para expresar su rechazo a la pauta salarial que el gobierno provincial para el 2017.<\/em><\/p>\n<p>&nbsp;<img loading=\"lazy\" decoding=\"async\" class=\"aligncenter size-full wp-image-8021\" src=\"http:\/\/www.atecordoba.org\/wp-content\/uploads\/2017\/02\/frente-maternidad-bandera-ate2-e1486061215360.jpg\" alt=\"frente-maternidad-bandera-ate2\" width=\"550\" height=\"330\"><\/p>\n<p>&#8220;Los compa\u00f1eros est\u00e1n calentando motores porque se sabe que este a\u00f1o va a ser conflictivo&#8221;, resumi\u00f3 Omar Alerza, vocal del Consejo Directivo Provincial y trabajador de la Maternidad Provincial.&nbsp;<\/p>\n<p>A media ma\u00f1ana un importante contingente de trabajadores del centro de salud salieron de sus puestos de trabajo para realizar un abrazo simb\u00f3lico del edificio ubicado en barrio San Vicente para expresar su rechazo a la pauta salarial del 18% que el gobierno de Juan Schiaretti estableci\u00f3 para&nbsp;el presupuesto de este a\u00f1o y que intenta acordar en este febrero cuando se convoque a la mesa salarial de la provincia.<\/p>\n<p>El acto estuvo acompa\u00f1ado por el secretario de Prensa del &nbsp;CDP, Daniel Pawluchuzk, as\u00ed como otros miembros de la comisi\u00f3n directiva que estuvieron presentes para apoyar la protesta, en l\u00ednea con lo que&nbsp;<a href=\"http:\/\/www.atecordoba.org\/archivos\/7998\">difundi\u00f3<\/a>&nbsp;ATE C\u00f3rdoba el lunes pasado, rechazando 18% de pauta por insuficiente. En la oportunidad estuvieron presentes la UTS y partidos pol\u00edticos que rechazan la gesti\u00f3n schiarettista.<\/p>\n<p><img loading=\"lazy\" decoding=\"async\" class=\"aligncenter size-full wp-image-8022\" src=\"http:\/\/www.atecordoba.org\/wp-content\/uploads\/2017\/02\/frente-maternidad-bandera-ate-e1486061248425.jpg\" alt=\"frente-maternidad-bandera-ate\" width=\"550\" height=\"330\"><\/p>\n<p>&#8220;Con una inflaci\u00f3n que no va a ser menos del 30% no vamos a aceptar ese m\u00edsero 18%. M\u00e1s teniendo en cuenta que ya perdimos un 14% el a\u00f1o pasado y que ese tramo lo queremos discutir este a\u00f1o&#8221;, dijo Alerza.<\/p>\n<p>Y agreg\u00f3: &#8220;Este gobierno no cumple los acuerdos firmados y nos debe recategorizaciones de a\u00f1os anteriores. De la Sota ten\u00eda la excusa de que el gobierno nacional anterior no le pasaba fondos, pero a Schiaretti Macri le dio mucha plata y los trabajadores no vimos nada. Esto es as\u00ed al punto que en 2016 no pag\u00f3 las recategorizaciones previstas en 2015, que estaban presupuestadas para el a\u00f1o pasado, y ahora las quiere hacer pasar como parte de la pauta de este a\u00f1o. O sea que cuando no tienen no pagan y cuando tienen, menos&#8221;, asegur\u00f3 el dirigente.<\/p>\n<p>Los compa\u00f1eros acordaron mantenerse en estado de alerta para evaluar las acciones a seguir, conforme se expresen los diversos hospitales del sistema sanitario provincial.<\/p>\n<div class=\"epyt-video-wrapper\"><iframe loading=\"lazy\"  style=\"display: block; margin: 0px auto;\"  id=\"_ytid_79069\"  width=\"480\" height=\"270\"  data-origwidth=\"480\" data-origheight=\"270\" src=\"https:\/\/www.youtube.com\/embed\/xYaHVy-AcjQ?enablejsapi=1&#038;autoplay=0&#038;cc_load_policy=0&#038;cc_lang_pref=&#038;iv_load_policy=3&#038;loop=0&#038;rel=0&#038;fs=1&#038;playsinline=0&#038;autohide=2&#038;theme=dark&#038;color=red&#038;controls=1&#038;disablekb=0&#038;\" class=\"__youtube_prefs__  epyt-is-override  no-lazyload\" title=\"YouTube player\"  allow=\"fullscreen; accelerometer; autoplay; clipboard-write; encrypted-media; gyroscope; picture-in-picture; web-share\" referrerpolicy=\"strict-origin-when-cross-origin\" allowfullscreen data-no-lazy=\"1\" data-skipgform_ajax_framebjll=\"\"><\/iframe><\/div>\n","protected":false},"excerpt":{"rendered":"<p>Trabajadores del centro de salud se convocaron frente al hospital para expresar su rechazo a la pauta salarial que el gobierno provincial para el 2017. &nbsp; &#8220;Los compa\u00f1eros est\u00e1n calentando motores porque se sabe que este a\u00f1o va a ser conflictivo&#8221;, resumi\u00f3 Omar Alerza, vocal del Consejo Directivo Provincial y trabajador de la Maternidad Provincial.&nbsp; [&hellip;]<\/p>\n","protected":false},"author":1,"featured_media":19220,"comment_status":"open","ping_status":"open","sticky":false,"template":"","format":"standard","meta":{"_exactmetrics_skip_tracking":false,"_exactmetrics_sitenote_active":false,"_exactmetrics_sitenote_note":"","_exactmetrics_sitenote_category":0,"jnews-multi-image_gallery":[],"jnews_single_post":[],"jnews_primary_category":[],"jnews_social_meta":[],"jnews_review":[],"enable_review":"","type":"","name":"","summary":"","brand":"","sku":"","good":[],"bad":[],"score_override":"","override_value":"","rating":[],"price":[],"jnews_override_counter":[],"jnews_post_split":[],"footnotes":""},"categories":[7,8,102],"tags":[],"class_list":["post-8020","post","type-post","status-publish","format-standard","has-post-thumbnail","hentry","category-hospitales","category-provinciales","category-salud-2"],"jetpack_featured_media_url":"https:\/\/atecordoba.org\/wp-content\/uploads\/2020\/05\/logo-nuevochico-e1561581322808.png","_links":{"self":[{"href":"https:\/\/atecordoba.org\/index.php?rest_route=\/wp\/v2\/posts\/8020","targetHints":{"allow":["GET"]}}],"collection":[{"href":"https:\/\/atecordoba.org\/index.php?rest_route=\/wp\/v2\/posts"}],"about":[{"href":"https:\/\/atecordoba.org\/index.php?rest_route=\/wp\/v2\/types\/post"}],"author":[{"embeddable":true,"href":"https:\/\/atecordoba.org\/index.php?rest_route=\/wp\/v2\/users\/1"}],"replies":[{"embeddable":true,"href":"https:\/\/atecordoba.org\/index.php?rest_route=%2Fwp%2Fv2%2Fcomments&post=8020"}],"version-history":[{"count":0,"href":"https:\/\/atecordoba.org\/index.php?rest_route=\/wp\/v2\/posts\/8020\/revisions"}],"wp:featuredmedia":[{"embeddable":true,"href":"https:\/\/atecordoba.org\/index.php?rest_route=\/wp\/v2\/media\/19220"}],"wp:attachment":[{"href":"https:\/\/atecordoba.org\/index.php?rest_route=%2Fwp%2Fv2%2Fmedia&parent=8020"}],"wp:term":[{"taxonomy":"category","embeddable":true,"href":"https:\/\/atecordoba.org\/index.php?rest_route=%2Fwp%2Fv2%2Fcategories&post=8020"},{"taxonomy":"post_tag","embeddable":true,"href":"https:\/\/atecordoba.org\/index.php?rest_route=%2Fwp%2Fv2%2Ftags&post=8020"}],"curies":[{"name":"wp","href":"https:\/\/api.w.org\/{rel}","templated":true}]}}