{"id":8012,"date":"2017-02-02T13:00:19","date_gmt":"2017-02-02T16:00:19","guid":{"rendered":"http:\/\/www.atecordoba.org\/?p=8012"},"modified":"2020-06-09T15:39:02","modified_gmt":"2020-06-09T18:39:02","slug":"se-realizo-el-primer-encuentro-de-mujeres-de-ate-del-ano","status":"publish","type":"post","link":"https:\/\/atecordoba.org\/?p=8012","title":{"rendered":"Se realiz\u00f3 el primer encuentro de mujeres de ATE del a\u00f1o"},"content":{"rendered":"<p><em>Con el objetivo de construir la agenda de g\u00e9nero para 2017, trabajadoras estatales se reunieron en el Consejo Directivo Nacional.<\/em><\/p>\n<p><img loading=\"lazy\" decoding=\"async\" class=\"aligncenter size-full wp-image-8013\" src=\"http:\/\/atecordoba.org\/wp-content\/uploads\/2020\/06\/silvia-leon-e1486051037748.jpg\" alt=\"silvia-leon\" width=\"550\" height=\"345\"><\/p>\n<p><span class=\"\"><span lang=\"ES-AR\">Parte del colectivo de mujeres de la Asociaci\u00f3n de Trabajadores del Estado se dio cita este mi\u00e9rcoles en la sede de ATE Nacional para comenzar a dise\u00f1ar las actividades con perspectiva de g\u00e9nero que se desarrollaran durante este a\u00f1o. Se abordaron temas vinculados a los derechos laborales de las trabajadoras, la ley de cupos, la articulaci\u00f3n con otros sectores de la diversidad sexual y actividades programadas, entre otros.<\/span><\/span><\/p>\n<p class=\"texto\"><span class=\"\"><span lang=\"ES-AR\">Participaron representantes sindicales de Buenos Aires, Misiones, Formosa, Jujuy, Tucum\u00e1n, Mendoza, Tierra del Fuego, La Rioja, San Luis, R\u00edo Negro, Rosario, C\u00f3rdoba, de juntas internas de Capital, y seccionales bonaerenses.<\/span><\/span><\/p>\n<p class=\"texto\"><img loading=\"lazy\" decoding=\"async\" class=\"aligncenter size-full wp-image-8014\" src=\"http:\/\/atecordoba.org\/wp-content\/uploads\/2020\/06\/grupal-e1486051065365.jpg\" alt=\"grupal\" width=\"550\" height=\"351\"><\/p>\n<p class=\"texto\"><span class=\"\"><span lang=\"ES-AR\">La anfitriona del encuentro, Marta Galante, directora del Departamento de G\u00e9nero del Consejo Directivo de ATE, anuncio algunas de las actividades previstas en el marco del \u201cD\u00eda Internacional de la Mujer\u201d que se conmemora el 8 de marzo: \u201cel 7 de marzo vamos aponer en debate con la organizaci\u00f3n el tema del cupo y la diversidad sexual, vamos a hacer una puesta en escena con &nbsp;un grupo de teatro, una obra que se llama -Quereme como soy, quereme trans-incorporando el tema de la diversidad. Ah\u00ed arrancamos oficialmente la agenda 2017. Vamos a ayudar a que se puedan desarrollar otras actividades como por ejemplo pelear los cupos de las compa\u00f1eras que han elegido otra opci\u00f3n de g\u00e9nero, estamos poniendo en debate algo que es bastante \u00e1lgido para muchos, que es el tema de la elecci\u00f3n sexual\u201d<\/span><\/span><\/p>\n<p class=\"texto\"><span class=\"\"><span lang=\"ES-AR\">Las referentes de las provincias informaron sobre avances y dificultades en la conformaci\u00f3n de los espacios de g\u00e9nero en sus localidades y sobre propuestas para desarrollar el pr\u00f3ximo 08\/03.<\/span><\/span><\/p>\n<p class=\"texto\"><img loading=\"lazy\" decoding=\"async\" class=\"aligncenter size-full wp-image-8015\" src=\"http:\/\/atecordoba.org\/wp-content\/uploads\/2020\/06\/cachorro-e1486051090685.jpg\" alt=\"cachorro\" width=\"550\" height=\"356\"><\/p>\n<p class=\"texto\"><span class=\"\"><span lang=\"ES-AR\">El Secretario General de ATE CDN, Hugo Cachorro Godoy, hablo durante la apertura del encuentro sobre la importancia del crecimiento de la participaci\u00f3n de las mujeres en la pol\u00edtica nacional: \u201cpara nosotros el a\u00f1o pasado fue muy importante, las actividades que hicimos ac\u00e1 y en las provincias, R\u00edo Negro, C\u00f3rdoba, Buenos Aires, espacios de debate sobre el rol del Estado. Porque esto implica tambi\u00e9n debates culturales y uno de los aportes fundamentales, uno de los datos principales de 2016 en la vida pol\u00edtica de nuestro pa\u00eds, fue el crecimiento de los niveles de participaci\u00f3n de las mujeres en los hitos pol\u00edticos m\u00e1s destacados, donde tenemos la satisfacci\u00f3n y el orgullo de que nuestro gremio ha sido parte\u201d.<\/span><\/span><\/p>\n<p class=\"texto\"><span class=\"\"><span lang=\"ES-AR\">Godoy destaco tambi\u00e9n el protagonismo del gremio estatal en el 31\u00ba Encuentro Nacional de Mujeres de Rosario: <b>\u201c<\/b>Siempre las mujeres de ATE participaron, desde el principio, pero hemos logrado el a\u00f1o pasado un nivel de unidad y de organizaci\u00f3n muy alto, y aportamos mucho para que tambi\u00e9n fuera alto el nivel de protagonismo de la CTA Aut\u00f3noma en ese encuentro y en la decisi\u00f3n de convocar a una hecho que realmente fue hist\u00f3rico, que fue El Paro de Mujeres del 19 de octubre, que fue una demostraci\u00f3n m\u00e1s de la capacidad de respuesta de nuestro gremio. Yo creo que si hay algo en lo que nos destacamos el a\u00f1o pasado fue en estar a la altura de la circunstancias\u201d.<\/span><\/span><\/p>\n<p class=\"texto\"><span class=\"\"><span lang=\"ES-AR\">Para finalizar su intervenci\u00f3n, el titular de ATE insisti\u00f3 con la necesidad de avanzar en la incorporaci\u00f3n de mujeres en los niveles m\u00e1s altos de la conducci\u00f3n gremial: \u201cnosotros tenemos que ser capaces de construir un estatuto que pueda desarrollar una realidad que hoy es dif\u00edcil de imaginar, garantizando mayores niveles de participaci\u00f3n de las compa\u00f1eras, que son la mayor\u00eda de los afiliados, que son las que tienen alta participaci\u00f3n en los cuerpos de delegados, en las juntas internas y en las seccionales, pero que se limita por distintas razones en los \u00e1mbitos de los consejos directivos provinciales y en la direcci\u00f3n nacional\u201d.<\/span><\/span><\/p>\n<p class=\"texto\"><img loading=\"lazy\" decoding=\"async\" class=\"aligncenter size-full wp-image-8016\" src=\"http:\/\/atecordoba.org\/wp-content\/uploads\/2020\/06\/comision-e1486051109399.jpg\" alt=\"comision\" width=\"550\" height=\"363\"><\/p>\n<p class=\"texto\"><span class=\"\"><span lang=\"ES-AR\">Este plenario nacional dejo como conclusiones distintas l\u00edneas de trabajo para comenzar a desarrollar a nivel nacional, provincial y local, entre las que se destacan la posibilidad de la realizaci\u00f3n de un paro nacional de mujeres; el valor de la formaci\u00f3n y capacitaci\u00f3n con perspectiva de g\u00e9nero en las provincias, reproduciendo los seminarios feministas que se dictaron en 2016 en Buenos Aires; la reforma del estatuto; la confecci\u00f3n de un protocolo sobre violencia de g\u00e9nero para actuar en casos de violencia institucional o domestica; y la importancia de participar el 24 de marzo en las marchas por el D\u00eda de La Memoria.<\/span><\/span><\/p>\n<p class=\"texto\"><span class=\"\"><span lang=\"ES-AR\">A su turno, Silvia Le\u00f3n, Secretaria de Organizaci\u00f3n de ATE Nacional, valoro la importancia de ampliar la unidad y la coordinaci\u00f3n entre diferentes sectores: \u201cninguna mujer se transforma en forma individual, las mujeres transformamos en forma colectiva, entonces para nosotras como organizaci\u00f3n social, el espacio de la reflexi\u00f3n de las mujeres es con todas las diversidades sexuales. Es fundamental la organizaci\u00f3n para el empoderamiento, porque como sociedad no vamos a poder transformar el patriarcado si las mujeres no nos organizamos colectivamente, en las seccionales, en las juntas internas, y discutir el rol del aporte nuestro como mujeres a la organizaci\u00f3n, al desarrollo de la CTA y a las alianzas que necesitamos construir con las otras organizaciones. La agenda de mujeres que fuimos construyendo tiene que ver con las pol\u00edticas de estado, con los cuidados, con la defensa de los Convenios Colectivos de Trabajo frente al avance del macrismo. Ya avanzaron en el Estado Nacional en la posibilidad de que los trabajadores sean trasladados de un sector a otro, la&nbsp;<\/span><\/span>tercer reforma del Estado&nbsp;<span class=\"\"><span lang=\"ES-AR\">incluye la transferencia de lugar de trabajo, que tiene que ver con la precarizaci\u00f3n, adem\u00e1s de los despidos y de la eliminaci\u00f3n de distintos programas en los ministerios. Hemos avanzado en algunas provincias con incorporar derechos de las mujeres en los CCT, con modificaci\u00f3n de licencias, con licencias por violencia de g\u00e9nero, con mayor posibilidad de instalar las licencias por los cuidados familiares, las guarder\u00edas en los lugares de trabajo. La idea es conversar sobre c\u00f3mo vamos construyendo la participaci\u00f3n de las mujeres en el sindicato. Nosotras entendemos que son muy importantes las marchas en la Capital, pero es necesario que esto se extienda a todo el pa\u00eds, tenemos que construir un 8 de Marzo que explote en cada una de las provincias\u201d.<\/span><\/span><\/p>\n","protected":false},"excerpt":{"rendered":"<p>Con el objetivo de construir la agenda de g\u00e9nero para 2017, trabajadoras estatales se reunieron en el Consejo Directivo Nacional. Parte del colectivo de mujeres de la Asociaci\u00f3n de Trabajadores del Estado se dio cita este mi\u00e9rcoles en la sede de ATE Nacional para comenzar a dise\u00f1ar las actividades con perspectiva de g\u00e9nero que se [&hellip;]<\/p>\n","protected":false},"author":1,"featured_media":19220,"comment_status":"open","ping_status":"open","sticky":false,"template":"","format":"standard","meta":{"_exactmetrics_skip_tracking":false,"_exactmetrics_sitenote_active":false,"_exactmetrics_sitenote_note":"","_exactmetrics_sitenote_category":0,"jnews-multi-image_gallery":[],"jnews_single_post":[],"jnews_primary_category":[],"jnews_social_meta":[],"jnews_review":[],"enable_review":"","type":"","name":"","summary":"","brand":"","sku":"","good":[],"bad":[],"score_override":"","override_value":"","rating":[],"price":[],"jnews_override_counter":[],"jnews_post_split":[],"footnotes":""},"categories":[325,18],"tags":[],"class_list":["post-8012","post","type-post","status-publish","format-standard","has-post-thumbnail","hentry","category-generos-y-diversidades","category-nacionales"],"jetpack_featured_media_url":"https:\/\/atecordoba.org\/wp-content\/uploads\/2020\/05\/logo-nuevochico-e1561581322808.png","_links":{"self":[{"href":"https:\/\/atecordoba.org\/index.php?rest_route=\/wp\/v2\/posts\/8012","targetHints":{"allow":["GET"]}}],"collection":[{"href":"https:\/\/atecordoba.org\/index.php?rest_route=\/wp\/v2\/posts"}],"about":[{"href":"https:\/\/atecordoba.org\/index.php?rest_route=\/wp\/v2\/types\/post"}],"author":[{"embeddable":true,"href":"https:\/\/atecordoba.org\/index.php?rest_route=\/wp\/v2\/users\/1"}],"replies":[{"embeddable":true,"href":"https:\/\/atecordoba.org\/index.php?rest_route=%2Fwp%2Fv2%2Fcomments&post=8012"}],"version-history":[{"count":1,"href":"https:\/\/atecordoba.org\/index.php?rest_route=\/wp\/v2\/posts\/8012\/revisions"}],"predecessor-version":[{"id":19990,"href":"https:\/\/atecordoba.org\/index.php?rest_route=\/wp\/v2\/posts\/8012\/revisions\/19990"}],"wp:featuredmedia":[{"embeddable":true,"href":"https:\/\/atecordoba.org\/index.php?rest_route=\/wp\/v2\/media\/19220"}],"wp:attachment":[{"href":"https:\/\/atecordoba.org\/index.php?rest_route=%2Fwp%2Fv2%2Fmedia&parent=8012"}],"wp:term":[{"taxonomy":"category","embeddable":true,"href":"https:\/\/atecordoba.org\/index.php?rest_route=%2Fwp%2Fv2%2Fcategories&post=8012"},{"taxonomy":"post_tag","embeddable":true,"href":"https:\/\/atecordoba.org\/index.php?rest_route=%2Fwp%2Fv2%2Ftags&post=8012"}],"curies":[{"name":"wp","href":"https:\/\/api.w.org\/{rel}","templated":true}]}}