{"id":8009,"date":"2017-02-02T12:23:55","date_gmt":"2017-02-02T15:23:55","guid":{"rendered":"http:\/\/www.atecordoba.org\/?p=8009"},"modified":"2017-02-02T12:23:55","modified_gmt":"2017-02-02T15:23:55","slug":"desmienten-declaraciones-en-torno-a-la-unificacion-de-las-dos-cta","status":"publish","type":"post","link":"https:\/\/atecordoba.org\/?p=8009","title":{"rendered":"Desmienten declaraciones en torno a la unificaci\u00f3n de las dos CTA"},"content":{"rendered":"<p><em>El secretario Adjunto de la CTA Aut\u00f3noma, Ricardo Peidro, se refiri\u00f3 a las versiones reflejadas en medios period\u00edsticos.<\/em><\/p>\n<p><img loading=\"lazy\" decoding=\"async\" class=\"aligncenter size-full wp-image-8010\" src=\"http:\/\/www.atecordoba.org\/wp-content\/uploads\/2017\/02\/ricardo-peidro_adjunto-CTAA-nacional-e1486048993712.jpg\" alt=\"ricardo-peidro_adjunto-ctaa-nacional\" width=\"550\" height=\"335\"><\/p>\n<p>A par<span style=\"font-style: inherit; font-weight: inherit;\">tir de las declaraciones que aparecieron en diversos medios period\u00edsticos sobre la unificaci\u00f3n de la CTA Aut\u00f3noma y la CTA de los Trabajadores, ACTA habl\u00f3 con Ricardo Peidro, Secretario General Adjunto de la CTA-A, quien afirm\u00f3 que el martes se reuni\u00f3 la mayor\u00eda del Secretariado Nacional de la Central junto a los secretarios generales de gremios y federaciones nacionales adheridas y \u201cnadie hab\u00eda sido consultado en torno a esta cuesti\u00f3n\u201d.<\/span><\/p>\n<p><span style=\"font-style: inherit; font-weight: inherit;\">Desde la Central se sigue bregando, como hist\u00f3ricamente se hizo, por la unidad de la clase trabajadora: &#8220;La unidad no es un enunciado, sino la construcci\u00f3n en la pr\u00e1ctica. En el \u00faltimo tiempo hemos dado acciones de lucha en com\u00fan con organizaciones gremiales y sociales que no est\u00e1n organizados en la CTA Aut\u00f3noma y nos encontramos en la calle para enfrentar el ajuste, la precarizaci\u00f3n, la pobreza y el avance de los intereses empresariales sobre los derechos de los trabajadores\u201d, indic\u00f3 Peidro.<\/span><\/p>\n<p><span style=\"font-style: inherit; font-weight: inherit;\">Sin embargo, \u201cno hay ninguna instancia org\u00e1nica de la CTA que haya enunciado esto en ning\u00fan comunicado, ni que se hayan realizado debates en los gremios y movimientos que integran la CTA Aut\u00f3noma que apunten a la unificaci\u00f3n de las Centrales sindicales. Cualquier trascendido tiene que ver con decisiones personales, no org\u00e1nicas\u201d, afirm\u00f3 Peidro para desmentir las versiones period\u00edsticas en relaci\u00f3n a este tema.<\/span><\/p>\n","protected":false},"excerpt":{"rendered":"<p>El secretario Adjunto de la CTA Aut\u00f3noma, Ricardo Peidro, se refiri\u00f3 a las versiones reflejadas en medios period\u00edsticos. A partir de las declaraciones que aparecieron en diversos medios period\u00edsticos sobre la unificaci\u00f3n de la CTA Aut\u00f3noma y la CTA de los Trabajadores, ACTA habl\u00f3 con Ricardo Peidro, Secretario General Adjunto de la CTA-A, quien afirm\u00f3 [&hellip;]<\/p>\n","protected":false},"author":1,"featured_media":19220,"comment_status":"open","ping_status":"open","sticky":false,"template":"","format":"standard","meta":{"_exactmetrics_skip_tracking":false,"_exactmetrics_sitenote_active":false,"_exactmetrics_sitenote_note":"","_exactmetrics_sitenote_category":0,"jnews-multi-image_gallery":[],"jnews_single_post":[],"jnews_primary_category":[],"jnews_social_meta":[],"jnews_review":[],"enable_review":"","type":"","name":"","summary":"","brand":"","sku":"","good":[],"bad":[],"score_override":"","override_value":"","rating":[],"price":[],"jnews_override_counter":[],"jnews_post_split":[],"footnotes":""},"categories":[10,92],"tags":[],"class_list":["post-8009","post","type-post","status-publish","format-standard","has-post-thumbnail","hentry","category-accion-politica","category-cta"],"jetpack_featured_media_url":"https:\/\/atecordoba.org\/wp-content\/uploads\/2020\/05\/logo-nuevochico-e1561581322808.png","_links":{"self":[{"href":"https:\/\/atecordoba.org\/index.php?rest_route=\/wp\/v2\/posts\/8009","targetHints":{"allow":["GET"]}}],"collection":[{"href":"https:\/\/atecordoba.org\/index.php?rest_route=\/wp\/v2\/posts"}],"about":[{"href":"https:\/\/atecordoba.org\/index.php?rest_route=\/wp\/v2\/types\/post"}],"author":[{"embeddable":true,"href":"https:\/\/atecordoba.org\/index.php?rest_route=\/wp\/v2\/users\/1"}],"replies":[{"embeddable":true,"href":"https:\/\/atecordoba.org\/index.php?rest_route=%2Fwp%2Fv2%2Fcomments&post=8009"}],"version-history":[{"count":0,"href":"https:\/\/atecordoba.org\/index.php?rest_route=\/wp\/v2\/posts\/8009\/revisions"}],"wp:featuredmedia":[{"embeddable":true,"href":"https:\/\/atecordoba.org\/index.php?rest_route=\/wp\/v2\/media\/19220"}],"wp:attachment":[{"href":"https:\/\/atecordoba.org\/index.php?rest_route=%2Fwp%2Fv2%2Fmedia&parent=8009"}],"wp:term":[{"taxonomy":"category","embeddable":true,"href":"https:\/\/atecordoba.org\/index.php?rest_route=%2Fwp%2Fv2%2Fcategories&post=8009"},{"taxonomy":"post_tag","embeddable":true,"href":"https:\/\/atecordoba.org\/index.php?rest_route=%2Fwp%2Fv2%2Ftags&post=8009"}],"curies":[{"name":"wp","href":"https:\/\/api.w.org\/{rel}","templated":true}]}}