{"id":8004,"date":"2017-02-01T16:46:30","date_gmt":"2017-02-01T19:46:30","guid":{"rendered":"http:\/\/www.atecordoba.org\/?p=8004"},"modified":"2017-02-01T16:46:30","modified_gmt":"2017-02-01T19:46:30","slug":"asamblea-en-inti-reclamo-ayer-la-reincorporacion-de-7-despedidos-en-el-pais","status":"publish","type":"post","link":"https:\/\/atecordoba.org\/?p=8004","title":{"rendered":"Asamblea en INTI reclam\u00f3 ayer la reincorporaci\u00f3n de 7 despidos en el organismo"},"content":{"rendered":"<p><em>Los trabajadores del Centro Regional C\u00f3rdoba del Instituto Nacional de Tecnolog\u00eda Industrial (INTI) exigieron la reincorporaci\u00f3n de siete trabajadores de Buenos Aires, Rosario y Entre R\u00edos. Adem\u00e1s reclamaron el pase a planta del 80% del personal en condici\u00f3n precarizada.<\/em><\/p>\n<figure id=\"attachment_8006\" aria-describedby=\"caption-attachment-8006\" style=\"width: 550px\" class=\"wp-caption aligncenter\"><img loading=\"lazy\" decoding=\"async\" class=\"wp-image-8006 size-full\" src=\"http:\/\/www.atecordoba.org\/wp-content\/uploads\/2017\/02\/INTI-e1485978275164.jpg\" alt=\"inti\" width=\"550\" height=\"413\"><figcaption id=\"caption-attachment-8006\" class=\"wp-caption-text\">Imagen de archivo.<\/figcaption><\/figure>\n<p>La asamblea se realiz\u00f3 en el marco de una jornada de lucha del INTI en todo el pa\u00eds realizada ayer, que incluy\u00f3 un paro en la sede central y movilizaciones en San Luis, Chaco y Rosario. A finalizar la medida las autoridades del organismo informaron la convocatoria a ATE para abordar los despidos.<\/p>\n<p>En tanto, en C\u00f3rdoba, la asamblea de trabajadores se declar\u00f3 en estado de alerta y movilizaci\u00f3n y reclam\u00f3:&nbsp;<\/p>\n<ul>\n<li>Inmediato pase a la planta de Personal del Estado a todos los trabajadores de la instituci\u00f3n, con el criterio de dar prioridad en funci\u00f3n de su antig\u00fcedad SIN RESIGNAR CARRERA LABORAL.<\/li>\n<li>Ni un despido. Rechazamos cualquier tipo de despido de Personal de la instituci\u00f3n sin causa justificada, sin respetar los derechos de los trabajadores LCT equiparados a los trabajadores de planta.<\/li>\n<li>Eliminar mecanismos de precarizaci\u00f3n. Rechazamos cualquier tipo de precarizaci\u00f3n en el v\u00ednculo laboral entre el Estado empleador y el personal del INTI. Exigimos que el personal que luego de haber estado en calidad de Becario o el personal nuevo que se incorpore a trabajar a la instituci\u00f3n lo haga bajo la modalidad que se ven\u00eda sosteniendo (LCT).<\/li>\n<li>Se incorpore el personal necesario: Exigimos se incorpore a las personas que ya ten\u00edan fecha de ingreso fijada y se respeten los compromisos asumidos. INTI ha suspendido el ingreso de un agente&nbsp;<\/li>\n<li>Se haga efectiva la disposici\u00f3n 452\/16. Se haga efectiva la disposici\u00f3n de aumento de zona, las liquidaciones de salarios no se ajustan a la misma.<\/li>\n<li>Se concreten y agilice el pago a proveedores: la deuda con el servicio de limpieza es cada vez mayor y es un problema que se repite a\u00f1o tras a\u00f1o.<\/li>\n<li>Se garantice un servicio de almuerzo en igualdad de condiciones para todos los compa\u00f1eros del interior.&nbsp;&nbsp;&nbsp;&nbsp;&nbsp;&nbsp;&nbsp;&nbsp;&nbsp;&nbsp;&nbsp;&nbsp;&nbsp;&nbsp;&nbsp;&nbsp;&nbsp;&nbsp;&nbsp;&nbsp;&nbsp;&nbsp;&nbsp;<\/li>\n<\/ul>\n<p>&nbsp;<\/p>\n<p>&nbsp;<\/p>\n","protected":false},"excerpt":{"rendered":"<p>Los trabajadores del Centro Regional C\u00f3rdoba del Instituto Nacional de Tecnolog\u00eda Industrial (INTI) exigieron la reincorporaci\u00f3n de siete trabajadores de Buenos Aires, Rosario y Entre R\u00edos. Adem\u00e1s reclamaron el pase a planta del 80% del personal en condici\u00f3n precarizada. La asamblea se realiz\u00f3 en el marco de una jornada de lucha del INTI en todo [&hellip;]<\/p>\n","protected":false},"author":1,"featured_media":19220,"comment_status":"open","ping_status":"open","sticky":false,"template":"","format":"standard","meta":{"_exactmetrics_skip_tracking":false,"_exactmetrics_sitenote_active":false,"_exactmetrics_sitenote_note":"","_exactmetrics_sitenote_category":0,"jnews-multi-image_gallery":[],"jnews_single_post":[],"jnews_primary_category":[],"jnews_social_meta":[],"jnews_review":[],"enable_review":"","type":"","name":"","summary":"","brand":"","sku":"","good":[],"bad":[],"score_override":"","override_value":"","rating":[],"price":[],"jnews_override_counter":[],"jnews_post_split":[],"footnotes":""},"categories":[100,18],"tags":[],"class_list":["post-8004","post","type-post","status-publish","format-standard","has-post-thumbnail","hentry","category-inti","category-nacionales"],"jetpack_featured_media_url":"https:\/\/atecordoba.org\/wp-content\/uploads\/2020\/05\/logo-nuevochico-e1561581322808.png","_links":{"self":[{"href":"https:\/\/atecordoba.org\/index.php?rest_route=\/wp\/v2\/posts\/8004","targetHints":{"allow":["GET"]}}],"collection":[{"href":"https:\/\/atecordoba.org\/index.php?rest_route=\/wp\/v2\/posts"}],"about":[{"href":"https:\/\/atecordoba.org\/index.php?rest_route=\/wp\/v2\/types\/post"}],"author":[{"embeddable":true,"href":"https:\/\/atecordoba.org\/index.php?rest_route=\/wp\/v2\/users\/1"}],"replies":[{"embeddable":true,"href":"https:\/\/atecordoba.org\/index.php?rest_route=%2Fwp%2Fv2%2Fcomments&post=8004"}],"version-history":[{"count":0,"href":"https:\/\/atecordoba.org\/index.php?rest_route=\/wp\/v2\/posts\/8004\/revisions"}],"wp:featuredmedia":[{"embeddable":true,"href":"https:\/\/atecordoba.org\/index.php?rest_route=\/wp\/v2\/media\/19220"}],"wp:attachment":[{"href":"https:\/\/atecordoba.org\/index.php?rest_route=%2Fwp%2Fv2%2Fmedia&parent=8004"}],"wp:term":[{"taxonomy":"category","embeddable":true,"href":"https:\/\/atecordoba.org\/index.php?rest_route=%2Fwp%2Fv2%2Fcategories&post=8004"},{"taxonomy":"post_tag","embeddable":true,"href":"https:\/\/atecordoba.org\/index.php?rest_route=%2Fwp%2Fv2%2Ftags&post=8004"}],"curies":[{"name":"wp","href":"https:\/\/api.w.org\/{rel}","templated":true}]}}