{"id":8001,"date":"2017-02-01T14:11:21","date_gmt":"2017-02-01T17:11:21","guid":{"rendered":"http:\/\/www.atecordoba.org\/?p=8001"},"modified":"2017-02-01T14:11:21","modified_gmt":"2017-02-01T17:11:21","slug":"el-nepotismo-en-la-era-macri","status":"publish","type":"post","link":"https:\/\/atecordoba.org\/?p=8001","title":{"rendered":"El nepotismo en la era Macri"},"content":{"rendered":"<p><em>La designaci\u00f3n de parientes de altos funcionarios en la Administraci\u00f3n P\u00fablica nacional es un fen\u00f3meno que se repite con cada nueva gesti\u00f3n de gobierno. La directora del Departamento de Carrera del Consejo Directivo Nacional de ATE, Estela Ferrazzano, explica que significa el nepotismo en el Estado y enumera los parientes ingresados durante el primer a\u00f1o del macrismo.<\/em><\/p>\n<p><img loading=\"lazy\" decoding=\"async\" class=\"aligncenter size-full wp-image-8002\" src=\"http:\/\/www.atecordoba.org\/wp-content\/uploads\/2017\/02\/casa-rosada-e1485969027123.jpg\" alt=\"casa-rosada\" width=\"550\" height=\"304\"><\/p>\n<p>\u201cLa palabra nepotismo proviene del italiano nepote, que quiere decir sobrino\u201d, explica Estela Ferrazzano. En la edad moderna el Papa, m\u00e1xima autoridad de la Iglesia Cat\u00f3lica, designaba en el cargo de nepote (una suerte de asesor privado) generalmente a uno de sus sobrinos. De all\u00ed proviene la asociaci\u00f3n entre un cargo y el parentesco.<\/p>\n<p>\u201cEl nepotismo es la preferencia que tienen los funcionarios p\u00fablicos para dar empleo a familiares y amigos, sin tener en cuenta si est\u00e1n preparados o tienen los conocimientos necesarios para ejercer ese cargo. El concepto de \u201cnepotismo\u201d se opone al preferido del gobierno macrista: meritocracia\u201d, se\u00f1ala Ferrazzano.<\/p>\n<p>Esta pr\u00e1ctica no solo da\u00f1a la imagen del funcionario que la practica sino que tambi\u00e9n desvaloriza el empleo p\u00fablico, y hasta puede ser considerado como corrupci\u00f3n.<\/p>\n<p>El Departamento de Carrera de ATE constat\u00f3 al menos 40 designaciones, tanto de parientes del presidente Mauricio Macri, como de ministros, funcionarios y legisladores de la fuerza de gobierno Cambiemos. Si bien Macri con dos parientes encabeza el listado, se destaca la ministra de Seguridad Patricia Bullrich, con seis designaciones parentales.<\/p>\n<p>Al respecto, el r\u00e9gimen de incompatibilidades de la Ley N\u00b0 25.188, de \u00c9tica P\u00fablica, establece en su art. 2, inc. i que los funcionarios y empleados p\u00fablicos deben abstenerse de intervenir en todo asunto respecto al cual se encuentren comprendidos en alguna de las causas de excusaci\u00f3n previstas en la ley procesal civil. Se trata del art. 17 del C\u00f3digo Procesal Civil y Comercial de la Naci\u00f3n, que incluye, entre otras causales, el parentesco hasta el cuarto grado de consanguinidad y segundo de afinidad: padres, hijos, abuelos, nietos, hermanos, t\u00edos, sobrinos, primos hermanos, suegros, cu\u00f1ados y nueras\/yernos.<\/p>\n<p>Asimismo queda reafirmado en el Decreto 41\/99, C\u00f3digo de \u00c9tica de la Funci\u00f3n P\u00fablica que reza en su art\u00edculo 43 sobre nepotismo o favoritismo: \u201cEl funcionario p\u00fablico no debe designar parientes o amigos para que presten servicios en la repartici\u00f3n a su cargo prescindiendo del requisito de idoneidad debidamente acreditado\u201d.<\/p>\n<p>\u201cHasta donde podemos ver, estas normativas no se cumplieron, ya que esposas, hijos, primos, y otros parentescos no tan claros, son designados por sus propios familiares o para no ser alcanzados por la ley, los funcionarios no intervienen en el nombramiento de sus parientes, sino que los designan otros funcionarios en otras dependencias\u201d, detall\u00f3 Ferrazzano.<\/p>\n<p>Si tenemos en cuenta que esta forma de paracaidismo parental fue muy criticada en los discursos de cambiemos en la campa\u00f1a, y que como pregona su f\u00f3rmula, fueron elegidos para cambiar la metodolog\u00eda que encontraban corrupta en el gobierno anterior, sin embargo, el \u00fanico cambio que podemos verificar es el referido a las personas involucradas.<\/p>\n<p>\u201cDesde ATE nos permitimos reflexionar que se despidieron alrededor de 11.000 trabajadores que cobraban un sueldo promedio de $10.000 para contratar a este funcionariato privilegiado de alrededor de 40 personas que nos cuestan a todos los argentinos una suma mensual aproximada de $2.250.000. Entonces, cuando hablan de achicar el Estado, que es, seg\u00fan ellos, la madre de todos nuestros problemas econ\u00f3micos, se refieren solamente a reducir la cantidad de trabajadores, para poder retribuir a su familiares con los abultados niveles salariales que por su abolengo les corresponde\u201d, agreg\u00f3 la dirigente.<\/p>\n<p>Si la Argentina quiere mejorar su calidad institucional, el nepotismo es una pr\u00e1ctica que debe dejarse atr\u00e1s. Para fortalecer este Estado Nacional se necesitan las personas m\u00e1s capacitadas y especializadas para las funciones que deben desarrollar, y esto solo se logra con concursos probos, neutrales, imparciales y con el nivel de transparencia suficiente para lograr el mejor desempe\u00f1o en el servicio a los ciudadanos.<\/p>\n<p>\u201cY no debemos olvidar que mientras se proced\u00eda al nombramiento de las personas que se detallan a continuaci\u00f3n se registraban esos miles de despidos en la Administraci\u00f3n P\u00fablica Nacional, Provincial y Municipal\u201d, finaliz\u00f3 Ferrazzano.<\/p>\n<p><strong>Listado de familiares de pol\u00edticos nombrados en el Estado Nacional en la gesti\u00f3n de Cambiemos<\/strong>:<\/p>\n<ul>\n<li>Mauricio Macri, Presidente de la Naci\u00f3n, habr\u00eda designado a Fernando de Andreis, el medio hermano de la primera esposa Ivonne Bordeu, como Secretario General de la Presidencia de la Naci\u00f3n. Tambi\u00e9n habr\u00eda designado a su primo Jorge Macri Presidente del Grupo Banco Provincia.<\/li>\n<li>Gabriela Michetti, Vicepresidenta de la Naci\u00f3n, habr\u00eda designado a su prima Mar\u00eda Alejandra lllia como asesora del H. Senado de la Naci\u00f3n recategorizada A3.<\/li>\n<li>Andr\u00e9s Ibarra, ministro de Modernizaci\u00f3n, habr\u00eda promovido el nombramiento de su esposa, Mar\u00eda Carla Piccolomini, como directora de Relaciones Institucionales de Radio y Televisi\u00f3n Argentina.<\/li>\n<li>Marcos Pe\u00f1a, jefe de Gabinete de Ministros, habr\u00eda promovido el nombramiento de su hermano Andr\u00e9s Pe\u00f1a como Subsecretario de Integraci\u00f3n Productiva del Ministerio de Producci\u00f3n.<\/li>\n<li>Carolina Stanley, ministra de Desarrollo Social, habr\u00eda designado a su prima Cecilia Stanley como jefe de Gabinete de Asesores del Ministerio de Desarrollo Social.<\/li>\n<li>Gustavo Santos, ministro de Turismo, habr\u00eda designado su hijo Mat\u00edas Santos como jefe de Asesores de Gabinete del Ministerio de Turismo de la Naci\u00f3n.<\/li>\n<li>Ricardo Buryaile, ministro de Agroindustria, habr\u00eda designado a su primo Amadeo Nicora como presidente del INTA.<\/li>\n<li>Iv\u00e1n Pavlovsky, Vocero Presidencial, habr\u00eda promovido el nombramiento de su esposa Marina Klemensiewicz como subsecretaria de H\u00e1bitat y Desarrollo Humano de la Secretaria de Vivienda del Ministerio de Obras P\u00fablicas y Vivienda.<\/li>\n<li>Jorge Triaca, ministro de Trabajo, habr\u00eda promovido el nombramiento de su esposa Mar\u00eda Cecilia Loccisano como coordinadora general de la Unidad de Financiamiento Internacional del Ministerio de Salud.<\/li>\n<li>Federico Sturzenegger, presidente del Banco Central, habr\u00eda promovido el nombramiento de su esposa Josefina Rouillet como gerente del Fondo Nacional de las Artes del Ministerio de Cultura de la Naci\u00f3n.<\/li>\n<li>Rogelio Frigerio, ministro del Interior, habr\u00eda promovido el nombramiento de a su t\u00edo Mario Frigerio como gerente t\u00e9cnico de Enacom. El ministro tambi\u00e9n nombr\u00f3 a su esposa, Victoria Costoya, como coordinadora de Articulaci\u00f3n de Asuntos Internacionales del Ministerio de Desarrollo Social.<\/li>\n<li>Oscar Aguad, ministro de Comunicaciones, habr\u00eda designado a su yerno Rodrigo de Loredo como director de ARSAT.<\/li>\n<li>Emilio Basavilbaso, director ejecutivo de la ANSES, habr\u00eda promovido el nombramiento de su primo Iv\u00e1n Kerr como subsecretario de Desarrollo Urbano y Vivienda del Ministerio de Obras P\u00fablicas y Vivienda.<\/li>\n<li>Pablo Avelluto, ministro de Cultura, habr\u00eda designado a su novia Carolina Azzi como coordinadora audiovisual de Prensa del Ministerio de Cultura de la Naci\u00f3n.<\/li>\n<li>Federico Pinedo, senador nacional y presidente provisional del Senado, habr\u00eda designado a su hermano Enrique Pinedo como director de Relaciones Institucionales del Senado.<\/li>\n<li>Francisco Cabrera, ministro de Producci\u00f3n, habr\u00eda promovido el nombramiento de su hija Rosario como asesora en el Ministerio de Desarrollo Social de la Naci\u00f3n.<\/li>\n<li>Eduardo Amadeo, diputado nacional de Cambiemos, habr\u00eda promovido el nombramiento de su esposa Beatriz Victoria Orlowski como directora del Centro Nacional de la Comunidad CENOC.<\/li>\n<li>Patricia Bullrich, ministra de Seguridad, habr\u00eda promovido el nombramiento de su prima Paula Urroz como empleada del Senado categor\u00eda A1. A su vez, Bullrich logr\u00f3 el nombramiento de su hijo Francisco Langieri Bullrich como director en el Ministerio de Modernizaci\u00f3n, de su primo Pedro Cernadas como titular de la ANSES UDAI Tigrea, de su t\u00eda Mar\u00eda Julieta Williams como directora general de Innovaci\u00f3n Social y Planeamiento Participativo de la CABA, de su cu\u00f1ada Ana Gasc\u00f3n Araoz como empleada en la Subsecretar\u00eda&nbsp; de Comunicaci\u00f3n Social de la Secretaria de Medios de Comunicaci\u00f3n y de su hijo Santiago Bullrich en Campa\u00f1as Digitales del Gobierno de la Ciudad de Buenos Aires.<\/li>\n<li>Juan Jos\u00e9 G\u00f3mez Centuri\u00f3n, director General de Aduanas, habr\u00eda promovido el nombramiento de su hijo Juan Jos\u00e9 G\u00f3mez Centuri\u00f3n en un cargo en Municipalidad de Tres de Febrero, as\u00ed tambi\u00e9n el de su hijo Jos\u00e9 Rafael G\u00f3mez Centuri\u00f3n en la ANSES.<\/li>\n<li>Mario Cimadevilla, titular de la Unidad Especial de Investigaci\u00f3n del Atentado en la AMIA, se adjudic\u00f3 el nombramiento de sus hijos Lucas y Mat\u00edas Cimadevilla como empleados del Senado.<\/li>\n<li>H\u00e9ctor Lostri, director de Fabricaciones Militares, habr\u00eda designado a su primo Jorge Latorre como jefe de Gabinete de Fabricaciones Militares.<\/li>\n<li>Eduardo Segundo Brizuela del Morral, diputado nacional UCR Cambiemos, hizo nombrar a su hijo Eduardo Raimundo a la categor\u00eda A3.<\/li>\n<li>Amado Quintar, ex diputado nacional de UCR Cambiemos fallecido en diciembre, habr\u00eda promovido el nombramiento de Elder Quintar a la Categor\u00eda A3.<\/li>\n<li>Horacio Goicoechea, diputado nacional de UCR Cambiemos, promovi\u00f3 el nombramiento de Pablo Goicoechea a la Categor\u00eda A3.<\/li>\n<li>Emilio Monz\u00f3, presidente de la C\u00e1mara de Diputados de la Naci\u00f3n, habr\u00eda habilitado contratos de entre 25 y 35 mil pesos para 12 parientes, entre ellos, la designaci\u00f3n de Hugo Antonio Moyano, hijo del ex titular de la CGT, con Categor\u00eda A4.<\/li>\n<li>Martin Lousteau, embajador en EE.UU, hizo designar a su primo Guillermo Laje como representante especial en la promoci\u00f3n comercial de esa embajada.<\/li>\n<li>Alfonso Prat Gay, ex ministro de Hacienda, habr\u00eda promovido el nombramiento su primo Juan Antonio Prat Gay coordinador general de la Unidad de Coordinaci\u00f3n de Fideicomisos de Infraestructura (UCOFIN).<\/li>\n<\/ul>\n","protected":false},"excerpt":{"rendered":"<p>La designaci\u00f3n de parientes de altos funcionarios en la Administraci\u00f3n P\u00fablica nacional es un fen\u00f3meno que se repite con cada nueva gesti\u00f3n de gobierno. La directora del Departamento de Carrera del Consejo Directivo Nacional de ATE, Estela Ferrazzano, explica que significa el nepotismo en el Estado y enumera los parientes ingresados durante el primer a\u00f1o [&hellip;]<\/p>\n","protected":false},"author":1,"featured_media":19220,"comment_status":"open","ping_status":"open","sticky":false,"template":"","format":"standard","meta":{"_exactmetrics_skip_tracking":false,"_exactmetrics_sitenote_active":false,"_exactmetrics_sitenote_note":"","_exactmetrics_sitenote_category":0,"jnews-multi-image_gallery":[],"jnews_single_post":[],"jnews_primary_category":[],"jnews_social_meta":[],"jnews_review":[],"enable_review":"","type":"","name":"","summary":"","brand":"","sku":"","good":[],"bad":[],"score_override":"","override_value":"","rating":[],"price":[],"jnews_override_counter":[],"jnews_post_split":[],"footnotes":""},"categories":[18],"tags":[],"class_list":["post-8001","post","type-post","status-publish","format-standard","has-post-thumbnail","hentry","category-nacionales"],"jetpack_featured_media_url":"https:\/\/atecordoba.org\/wp-content\/uploads\/2020\/05\/logo-nuevochico-e1561581322808.png","_links":{"self":[{"href":"https:\/\/atecordoba.org\/index.php?rest_route=\/wp\/v2\/posts\/8001","targetHints":{"allow":["GET"]}}],"collection":[{"href":"https:\/\/atecordoba.org\/index.php?rest_route=\/wp\/v2\/posts"}],"about":[{"href":"https:\/\/atecordoba.org\/index.php?rest_route=\/wp\/v2\/types\/post"}],"author":[{"embeddable":true,"href":"https:\/\/atecordoba.org\/index.php?rest_route=\/wp\/v2\/users\/1"}],"replies":[{"embeddable":true,"href":"https:\/\/atecordoba.org\/index.php?rest_route=%2Fwp%2Fv2%2Fcomments&post=8001"}],"version-history":[{"count":0,"href":"https:\/\/atecordoba.org\/index.php?rest_route=\/wp\/v2\/posts\/8001\/revisions"}],"wp:featuredmedia":[{"embeddable":true,"href":"https:\/\/atecordoba.org\/index.php?rest_route=\/wp\/v2\/media\/19220"}],"wp:attachment":[{"href":"https:\/\/atecordoba.org\/index.php?rest_route=%2Fwp%2Fv2%2Fmedia&parent=8001"}],"wp:term":[{"taxonomy":"category","embeddable":true,"href":"https:\/\/atecordoba.org\/index.php?rest_route=%2Fwp%2Fv2%2Fcategories&post=8001"},{"taxonomy":"post_tag","embeddable":true,"href":"https:\/\/atecordoba.org\/index.php?rest_route=%2Fwp%2Fv2%2Ftags&post=8001"}],"curies":[{"name":"wp","href":"https:\/\/api.w.org\/{rel}","templated":true}]}}