{"id":7995,"date":"2017-01-26T16:23:09","date_gmt":"2017-01-26T19:23:09","guid":{"rendered":"http:\/\/www.atecordoba.org\/?p=7995"},"modified":"2017-01-26T16:23:09","modified_gmt":"2017-01-26T19:23:09","slug":"con-restriccion-de-feriados-argentina-esta-entre-los-paises-con-menor-descanso-laboral","status":"publish","type":"post","link":"https:\/\/atecordoba.org\/?p=7995","title":{"rendered":"Con restricci\u00f3n de feriados, Argentina est\u00e1 entre los pa\u00edses con menor descanso laboral"},"content":{"rendered":"<p><em>Seg\u00fan el informe del diario Bae, pa\u00edses como Francia, Italia, Gran Breta\u00f1a, Brasil o Uruguay tienen m\u00e1s d\u00edas de licencia al a\u00f1o.<\/em><\/p>\n<p><img loading=\"lazy\" decoding=\"async\" class=\"aligncenter size-full wp-image-7996\" src=\"http:\/\/www.atecordoba.org\/wp-content\/uploads\/2017\/01\/comparaciones-dias-de-descanso-e1485458556408.jpg\" alt=\"comparaciones-dias-de-descanso\" width=\"550\" height=\"376\"><\/p>\n<p>La eliminaci\u00f3n de los feriados &#8220;puente&#8221; y el r\u00e9gimen de licencias directas, posiciona a Argentina como uno de los pa\u00edses que menos cantidad de d\u00edas de descanso otorga a los trabajadores. &#8220;La medida tambi\u00e9n impacta a uno de los motores de la econom\u00eda; el turismo interno&#8221;, resaltaron desde el Centro de Estudios para el Desarrollo Nacional Atenea.<\/p>\n<p>El debate tambi\u00e9n se aprecia en la cuesti\u00f3n pol\u00edtica, sobre fechas sensibles a la democracia como el 24 de marzo. El Gobierno elimin\u00f3 los dos feriados &#8220;puente&#8221;, creados en 2010 con fines tur\u00edsticos y pas\u00f3 a los lunes los feriados nacionales definidos como &#8220;m\u00f3viles&#8221;.<\/p>\n<p>Seg\u00fan consideraron desde Atenea a BAE Negocios, bajo la mirada formal, las pol\u00edticas vacacionales o de descanso pueden ser promovidas como licencias ordinarias, &#8220;directas&#8221;, o &#8220;indirectas&#8221;, con la inclusi\u00f3n de feriados para el calendario anual del pa\u00eds. Para las ordinarias, el r\u00e9gimen general de licencias lo marca la ley de Contrato de Trabajo (LCT), que fija el piso general de los derechos de los trabajadores. En el pa\u00eds se instaur\u00f3 un r\u00e9gimen de licencias progresivo, con un m\u00ednimo de 14 d\u00edas corridos cuando la antig\u00fcedad es menor a 5 a\u00f1os, que se incrementa a 21, 28 y 35 d\u00edas en tanto la relaci\u00f3n laboral sea mayor a 5, 10, o 20 a\u00f1os. Por contraste el estudio explic\u00f3 que en los pa\u00edses desarrollados, y naciones de la regi\u00f3n como Brasil y Uruguay, no existe este sistema progresivo y las vacaciones no est\u00e1n &#8220;atadas&#8221; a la antig\u00fcedad.<\/p>\n<p>Por esa senda, la Argentina se encuentra muy por debajo del promedio, tomando como referencia a Francia (30 d\u00edas), Gran Breta\u00f1a (28), Italia (26), Alemania (24), Espa\u00f1a (22) en Am\u00e9rica Latina, donde el esquema local est\u00e1 por detr\u00e1s de Brasil (26) y Uruguay (20), ubicado s\u00f3lo por encima de Ecuador (11), M\u00e9xico (6 d\u00edas laborales) y Per\u00fa (12).<\/p>\n<p>Sucede que al adosar los feriados al an\u00e1lisis, la situaci\u00f3n se modifica, ya que en 2016 con un total de 17 feriados, Argentina lleg\u00f3 a los 31 d\u00edas no laborables. No obstante y a pesar del incremento, Argentina sigue por detr\u00e1s de Francia (41 d\u00edas), Italia (38), Gran Breta\u00f1a (36) y Brasil (35).<\/p>\n<p>Seg\u00fan Atenea estos datos dejan en evidencia que un mayor descanso de los trabajadores no implica un menor grado de productividad y desarrollo econ\u00f3mico. Naciones poderosas como Francia o Gran Breta\u00f1a cuentan con una gran cantidad de d\u00edas no laborables y Brasil, la econom\u00eda m\u00e1s grande de Am\u00e9rica Latina, es la naci\u00f3n que m\u00e1s d\u00edas de descanso otorga con 35 jornadas entre vacaciones y feriados.<\/p>\n<p>Como toda pol\u00edtica elegida en materia de licencias vacacionales, el esquema argentino cuenta con ventajas y desventajas. Una pol\u00edtica de Estado posible para mejorar el r\u00e9gimen de licencias de los trabajadores puede orientarse a otorgar mayores licencias de forma &#8220;directa&#8221;, es decir, ampliando los d\u00edas de vacaciones otorgados por ley, reduciendo la cantidad de feriados. De esta forma se atender\u00eda por un lado el reclamo de los empleadores quienes podr\u00edan programar con anterioridad un esquema de trabajo acorde a las ausencias y disminuir los costos que provoca mantener la empresa abierta durante un feriado, y por el otro se permitir\u00eda a los trabajadores disponer libremente de sus d\u00edas de descanso. En cuanto a gobiernos con perfil neoliberal, hay que remotarse a la dictadura c\u00edvico militar que se instaur\u00f3 el 24 de marzo de 1976, para encontrar una reducci\u00f3n de feriados aplicada con &#8220;intenciones productivas&#8221;.<\/p>\n","protected":false},"excerpt":{"rendered":"<p>Seg\u00fan el informe del diario Bae, pa\u00edses como Francia, Italia, Gran Breta\u00f1a, Brasil o Uruguay tienen m\u00e1s d\u00edas de licencia al a\u00f1o. La eliminaci\u00f3n de los feriados &#8220;puente&#8221; y el r\u00e9gimen de licencias directas, posiciona a Argentina como uno de los pa\u00edses que menos cantidad de d\u00edas de descanso otorga a los trabajadores. &#8220;La medida [&hellip;]<\/p>\n","protected":false},"author":1,"featured_media":19220,"comment_status":"open","ping_status":"open","sticky":false,"template":"","format":"standard","meta":{"_exactmetrics_skip_tracking":false,"_exactmetrics_sitenote_active":false,"_exactmetrics_sitenote_note":"","_exactmetrics_sitenote_category":0,"jnews-multi-image_gallery":[],"jnews_single_post":[],"jnews_primary_category":[],"jnews_social_meta":[],"jnews_review":[],"enable_review":"","type":"","name":"","summary":"","brand":"","sku":"","good":[],"bad":[],"score_override":"","override_value":"","rating":[],"price":[],"jnews_override_counter":[],"jnews_post_split":[],"footnotes":""},"categories":[10],"tags":[],"class_list":["post-7995","post","type-post","status-publish","format-standard","has-post-thumbnail","hentry","category-accion-politica"],"jetpack_featured_media_url":"https:\/\/atecordoba.org\/wp-content\/uploads\/2020\/05\/logo-nuevochico-e1561581322808.png","_links":{"self":[{"href":"https:\/\/atecordoba.org\/index.php?rest_route=\/wp\/v2\/posts\/7995","targetHints":{"allow":["GET"]}}],"collection":[{"href":"https:\/\/atecordoba.org\/index.php?rest_route=\/wp\/v2\/posts"}],"about":[{"href":"https:\/\/atecordoba.org\/index.php?rest_route=\/wp\/v2\/types\/post"}],"author":[{"embeddable":true,"href":"https:\/\/atecordoba.org\/index.php?rest_route=\/wp\/v2\/users\/1"}],"replies":[{"embeddable":true,"href":"https:\/\/atecordoba.org\/index.php?rest_route=%2Fwp%2Fv2%2Fcomments&post=7995"}],"version-history":[{"count":0,"href":"https:\/\/atecordoba.org\/index.php?rest_route=\/wp\/v2\/posts\/7995\/revisions"}],"wp:featuredmedia":[{"embeddable":true,"href":"https:\/\/atecordoba.org\/index.php?rest_route=\/wp\/v2\/media\/19220"}],"wp:attachment":[{"href":"https:\/\/atecordoba.org\/index.php?rest_route=%2Fwp%2Fv2%2Fmedia&parent=7995"}],"wp:term":[{"taxonomy":"category","embeddable":true,"href":"https:\/\/atecordoba.org\/index.php?rest_route=%2Fwp%2Fv2%2Fcategories&post=7995"},{"taxonomy":"post_tag","embeddable":true,"href":"https:\/\/atecordoba.org\/index.php?rest_route=%2Fwp%2Fv2%2Ftags&post=7995"}],"curies":[{"name":"wp","href":"https:\/\/api.w.org\/{rel}","templated":true}]}}