{"id":7991,"date":"2017-01-26T15:57:26","date_gmt":"2017-01-26T18:57:26","guid":{"rendered":"http:\/\/www.atecordoba.org\/?p=7991"},"modified":"2017-01-26T15:57:26","modified_gmt":"2017-01-26T18:57:26","slug":"la-primera-sede-de-ate-un-homenaje-a-nuestra-historia","status":"publish","type":"post","link":"https:\/\/atecordoba.org\/?p=7991","title":{"rendered":"La primera sede de ATE, un homenaje a nuestra historia"},"content":{"rendered":"<p><em>Con motivo de celebrarse hoy la se\u00f1alizaci\u00f3n de nuestra primera sede gremial en el barrio de La Boca, el Consejo Directivo Provincial C\u00f3rdoba de ATE env\u00eda un c\u00e1lido saludo a todos nuestros afiliados, cuerpos org\u00e1nicos y dirigentes, as\u00ed como al Consejo Directivo Nacional.<\/em><\/p>\n<p><img loading=\"lazy\" decoding=\"async\" class=\"aligncenter size-full wp-image-7992\" src=\"http:\/\/www.atecordoba.org\/wp-content\/uploads\/2017\/01\/primera-sede1-e1485456956405.png\" alt=\"primera-sede1\" width=\"550\" height=\"117\"><\/p>\n<p>Entendemos el acto de hoy como un homenaje a aquellos primeros compa\u00f1eros que entendieron que la organizaci\u00f3n sindical es la herramienta fundamental para avanzar y consolidar la representaci\u00f3n pol\u00edtica y social de forma colectiva de los trabajadores estatales.<\/p>\n<p>Por eso no es casual que en nuestros 92\u00ba a\u00f1os de historia sufrimos siempre los embates de los gobiernos de expresi\u00f3n olig\u00e1rquica y antiestatista.<\/p>\n<p>Nuestra idoneidad para representar correctamente los intereses de los estatales, la coherencia en la visi\u00f3n de una Naci\u00f3n donde la justicia social sea respaldo de la soberan\u00eda econ\u00f3mica y la independencia pol\u00edtica, la autonom\u00eda de nuestra organizaci\u00f3n y la convicci\u00f3n de lucha en la unidad son marcas de hierro que se mantienen firmes desde que recuperamos nuestra ATE de las manos de burocracia.<\/p>\n<p>Hoy m\u00e1s que nunca, en el marco de un gobierno nacional que entiende al Estado como un obst\u00e1culo en vez de un logro del pueblo en su conjunto, que lamentablemente tambi\u00e9n se desborda a provincias y municipios, debemos mantener esas convicciones para felicidad de los estatales y del conjunto de la clase trabajadora.<\/p>\n<p>Resaltamos as\u00ed que las diferencias entre los compa\u00f1eros nunca deben interponerse a la hora de defender los intereses de los trabajadores. Por el contrario, la unidad y la organicidad, con el debate y el disenso indispensables en toda organizaci\u00f3n democr\u00e1tica como la nuestra, son los caminos a seguir para resistir un modelo de saqueo y ajuste del Estado.<\/p>\n<p>Ocupados en trabajar para ello, enviamos un fraternal saludo<\/p>\n<p style=\"text-align: right;\">Mar\u00eda Liliana Salerno<\/p>\n<p style=\"text-align: right;\">Secretaria General<\/p>\n","protected":false},"excerpt":{"rendered":"<p>Con motivo de celebrarse hoy la se\u00f1alizaci\u00f3n de nuestra primera sede gremial en el barrio de La Boca, el Consejo Directivo Provincial C\u00f3rdoba de ATE env\u00eda un c\u00e1lido saludo a todos nuestros afiliados, cuerpos org\u00e1nicos y dirigentes, as\u00ed como al Consejo Directivo Nacional. Entendemos el acto de hoy como un homenaje a aquellos primeros compa\u00f1eros [&hellip;]<\/p>\n","protected":false},"author":1,"featured_media":19220,"comment_status":"open","ping_status":"open","sticky":false,"template":"","format":"standard","meta":{"_exactmetrics_skip_tracking":false,"_exactmetrics_sitenote_active":false,"_exactmetrics_sitenote_note":"","_exactmetrics_sitenote_category":0,"jnews-multi-image_gallery":[],"jnews_single_post":[],"jnews_primary_category":[],"jnews_social_meta":[],"jnews_review":[],"enable_review":"","type":"","name":"","summary":"","brand":"","sku":"","good":[],"bad":[],"score_override":"","override_value":"","rating":[],"price":[],"jnews_override_counter":[],"jnews_post_split":[],"footnotes":""},"categories":[10],"tags":[],"class_list":["post-7991","post","type-post","status-publish","format-standard","has-post-thumbnail","hentry","category-accion-politica"],"jetpack_featured_media_url":"https:\/\/atecordoba.org\/wp-content\/uploads\/2020\/05\/logo-nuevochico-e1561581322808.png","_links":{"self":[{"href":"https:\/\/atecordoba.org\/index.php?rest_route=\/wp\/v2\/posts\/7991","targetHints":{"allow":["GET"]}}],"collection":[{"href":"https:\/\/atecordoba.org\/index.php?rest_route=\/wp\/v2\/posts"}],"about":[{"href":"https:\/\/atecordoba.org\/index.php?rest_route=\/wp\/v2\/types\/post"}],"author":[{"embeddable":true,"href":"https:\/\/atecordoba.org\/index.php?rest_route=\/wp\/v2\/users\/1"}],"replies":[{"embeddable":true,"href":"https:\/\/atecordoba.org\/index.php?rest_route=%2Fwp%2Fv2%2Fcomments&post=7991"}],"version-history":[{"count":0,"href":"https:\/\/atecordoba.org\/index.php?rest_route=\/wp\/v2\/posts\/7991\/revisions"}],"wp:featuredmedia":[{"embeddable":true,"href":"https:\/\/atecordoba.org\/index.php?rest_route=\/wp\/v2\/media\/19220"}],"wp:attachment":[{"href":"https:\/\/atecordoba.org\/index.php?rest_route=%2Fwp%2Fv2%2Fmedia&parent=7991"}],"wp:term":[{"taxonomy":"category","embeddable":true,"href":"https:\/\/atecordoba.org\/index.php?rest_route=%2Fwp%2Fv2%2Fcategories&post=7991"},{"taxonomy":"post_tag","embeddable":true,"href":"https:\/\/atecordoba.org\/index.php?rest_route=%2Fwp%2Fv2%2Ftags&post=7991"}],"curies":[{"name":"wp","href":"https:\/\/api.w.org\/{rel}","templated":true}]}}