{"id":7988,"date":"2017-01-25T11:32:06","date_gmt":"2017-01-25T14:32:06","guid":{"rendered":"http:\/\/www.atecordoba.org\/?p=7988"},"modified":"2017-01-25T11:32:06","modified_gmt":"2017-01-25T14:32:06","slug":"ate-celebra-sus-92-anos-senalizando-la-casa-donde-funciono-su-primera-sede","status":"publish","type":"post","link":"https:\/\/atecordoba.org\/?p=7988","title":{"rendered":"ATE celebra sus 92 a\u00f1os se\u00f1alizando la casa donde funcion\u00f3 su primera sede"},"content":{"rendered":"<p><em>Ma\u00f1anas se pondr\u00e1 una placa recordatoria para se\u00f1alizar la casa donde funcion\u00f3 su sede original en el barrio de la Boca de la Capital Federal.<\/em><\/p>\n<p><img loading=\"lazy\" decoding=\"async\" class=\"aligncenter size-full wp-image-7989\" src=\"http:\/\/www.atecordoba.org\/wp-content\/uploads\/2017\/01\/sede-ATE-la-boca-e1485354640524.jpg\" alt=\"sede-ate-la-boca\" width=\"550\" height=\"373\"><br \/>\nEn&nbsp;<span class=\"\"> el 392 de la Avenida Almirante Brown del barrio de La Boca, los \u201cpioneros\u201d decidieron alquilar una casa, cercana al Teatro Verd\u00ed donde pocos meses antes se hab\u00eda realizado la Asamblea Fundacional de ATE el 15 de Enero de 1925.<\/span><\/p>\n<p class=\"texto\"><span class=\"\">En ese lugar, adem\u00e1s de las primeras acciones sindicales y organizativas, &nbsp;se fue construyendo el sue\u00f1o de tener un \u00f3rgano oficial de prensa a\u00fan vigente, el Trabajador del Estado. Otro desvelo, disponer de una biblioteca propia con la intenci\u00f3n de \u201c<i>asegurar el pan espiritual de sus afiliados, que son los libros\u201d.<\/i><\/span><\/p>\n<p class=\"texto\"><span class=\"\"><i>&nbsp;<\/i><\/span><\/p>\n<p class=\"texto\"><span class=\"\">De historias como esas se hablar\u00e1 el jueves 26 a las 18 horas en la Av. Almirante Brown 392 del barrio de La Boca en la ciudad de Buenos Aires. Est\u00e1n todos invitados.<\/span><\/p>\n<p>&nbsp;<\/p>\n","protected":false},"excerpt":{"rendered":"<p>Ma\u00f1anas se pondr\u00e1 una placa recordatoria para se\u00f1alizar la casa donde funcion\u00f3 su sede original en el barrio de la Boca de la Capital Federal. En&nbsp; el 392 de la Avenida Almirante Brown del barrio de La Boca, los \u201cpioneros\u201d decidieron alquilar una casa, cercana al Teatro Verd\u00ed donde pocos meses antes se hab\u00eda realizado [&hellip;]<\/p>\n","protected":false},"author":1,"featured_media":19220,"comment_status":"open","ping_status":"open","sticky":false,"template":"","format":"standard","meta":{"_exactmetrics_skip_tracking":false,"_exactmetrics_sitenote_active":false,"_exactmetrics_sitenote_note":"","_exactmetrics_sitenote_category":0,"jnews-multi-image_gallery":[],"jnews_single_post":[],"jnews_primary_category":[],"jnews_social_meta":[],"jnews_review":[],"enable_review":"","type":"","name":"","summary":"","brand":"","sku":"","good":[],"bad":[],"score_override":"","override_value":"","rating":[],"price":[],"jnews_override_counter":[],"jnews_post_split":[],"footnotes":""},"categories":[10],"tags":[],"class_list":["post-7988","post","type-post","status-publish","format-standard","has-post-thumbnail","hentry","category-accion-politica"],"jetpack_featured_media_url":"https:\/\/atecordoba.org\/wp-content\/uploads\/2020\/05\/logo-nuevochico-e1561581322808.png","_links":{"self":[{"href":"https:\/\/atecordoba.org\/index.php?rest_route=\/wp\/v2\/posts\/7988","targetHints":{"allow":["GET"]}}],"collection":[{"href":"https:\/\/atecordoba.org\/index.php?rest_route=\/wp\/v2\/posts"}],"about":[{"href":"https:\/\/atecordoba.org\/index.php?rest_route=\/wp\/v2\/types\/post"}],"author":[{"embeddable":true,"href":"https:\/\/atecordoba.org\/index.php?rest_route=\/wp\/v2\/users\/1"}],"replies":[{"embeddable":true,"href":"https:\/\/atecordoba.org\/index.php?rest_route=%2Fwp%2Fv2%2Fcomments&post=7988"}],"version-history":[{"count":0,"href":"https:\/\/atecordoba.org\/index.php?rest_route=\/wp\/v2\/posts\/7988\/revisions"}],"wp:featuredmedia":[{"embeddable":true,"href":"https:\/\/atecordoba.org\/index.php?rest_route=\/wp\/v2\/media\/19220"}],"wp:attachment":[{"href":"https:\/\/atecordoba.org\/index.php?rest_route=%2Fwp%2Fv2%2Fmedia&parent=7988"}],"wp:term":[{"taxonomy":"category","embeddable":true,"href":"https:\/\/atecordoba.org\/index.php?rest_route=%2Fwp%2Fv2%2Fcategories&post=7988"},{"taxonomy":"post_tag","embeddable":true,"href":"https:\/\/atecordoba.org\/index.php?rest_route=%2Fwp%2Fv2%2Ftags&post=7988"}],"curies":[{"name":"wp","href":"https:\/\/api.w.org\/{rel}","templated":true}]}}