{"id":7985,"date":"2017-01-24T15:40:04","date_gmt":"2017-01-24T18:40:04","guid":{"rendered":"http:\/\/www.atecordoba.org\/?p=7985"},"modified":"2017-01-24T15:40:04","modified_gmt":"2017-01-24T18:40:04","slug":"picaduras-de-alacranes-a-que-centros-de-salud-dirigirse","status":"publish","type":"post","link":"https:\/\/atecordoba.org\/?p=7985","title":{"rendered":"Picaduras de alacranes: a qu\u00e9 centros de salud dirigirse"},"content":{"rendered":"<p><em>Como medida preventiva, en \u00e9poca estival donde los alacranes son un problema sanitario -sobre todo para los menores-, desde ATE brindamos informaci\u00f3n sobre los hospitales que cuenta con el antiveneno para contrarrestar la picadura del ar\u00e1cnido, seg\u00fan lo informado por el Ministerio de Salud de la provincia.<\/em><\/p>\n<p><img loading=\"lazy\" decoding=\"async\" class=\"aligncenter size-full wp-image-7986\" src=\"http:\/\/www.atecordoba.org\/wp-content\/uploads\/2017\/01\/alacran-e1485283124849.jpg\" alt=\"alacran\" width=\"550\" height=\"367\"><\/p>\n<p>En caso de que una persona haya sido picada por un alacr\u00e1n, o lo sospeche, debe concurrir inmediatamente al centro de salud m\u00e1s cercano y, en lo posible, llevar el animal para su identificaci\u00f3n. Es importante no realizar tratamientos caseros, ya que el profesional m\u00e9dico ser\u00e1 quien, en base a su evaluaci\u00f3n, sugiera la terap\u00e9utica indicada.<\/p>\n<p>En tal sentido, el \u00c1rea de Epidemiolog\u00eda del Ministerio de Salud de&nbsp;la provincia es el organismo responsable de distribuir el antiveneno estrat\u00e9gicamente en los hospitales p\u00fablicos provinciales, municipales o comunales de toda la provincia.<\/p>\n<p>A continuaci\u00f3n se enumeran los centros antiponzo\u00f1osos que funcionan en la actualidad en la provincia de C\u00f3rdoba:<\/p>\n<p><strong>Calamuchita<\/strong><\/p>\n<ul>\n<li>Sta. Rosa de Calamuchita \u2013 Ruta N\u00ba 5 Esq. Espa\u00f1a Tel.03546-426684\/83\/81 (Sta. Rosa de Calamuchita)<\/li>\n<li>San Agust\u00edn \u2013 Pte. Per\u00f3n sn \u2013 Tel:03547-491151 (San Agust\u00edn)<\/li>\n<\/ul>\n<p><strong>Capital&nbsp;&nbsp;&nbsp; <\/strong><\/p>\n<ul>\n<li>de Ni\u00f1os Sant\u00edsima Trinidad \u2013 Bajada Pucar\u00e1 esquina Ferroviarios 0351- 4586455<\/li>\n<li>Nuevo San Roque \u2013 Bajada Pucara 2025 \u2013 0351-4348774<\/li>\n<li>Rawson \u2013 Bajado Pucar\u00e1 2025 \u2013 0351-4348756<\/li>\n<li>Pedi\u00e1trico del Ni\u00f1o Jes\u00fas \u2013 Castro Barros 0351-6500351- 4346060\/62\/65<\/li>\n<li>Municipal Infantil \u2013 Lavalleja 3050- 0351-4335445-54-55<\/li>\n<\/ul>\n<p><strong>Col\u00f3n<\/strong><\/p>\n<ul>\n<li>Vicente Ag\u00fcero \u2013 Espa\u00f1a 121- 03525-426703\/25*\/19 (Jes\u00fas Mar\u00eda)<\/li>\n<\/ul>\n<p><strong>Cruz del Eje&nbsp;&nbsp;&nbsp; <\/strong><\/p>\n<ul>\n<li>Aurelio Crespo \u2013 Felix C\u00e1ceres sn- 03549-426747\/43 (Cruz del Eje)<\/li>\n<li>Municipal Serrezuela \u2013 Calle 11 sn \u2013 03549- 492049 (Serrezuela)<\/li>\n<\/ul>\n<p>&nbsp;<\/p>\n<p><strong>Gral. Roca&nbsp;&nbsp;&nbsp; <\/strong><\/p>\n<ul>\n<li>Villa Huidobro \u2013 Pasco 571 \u2013 Tel: 02336-481227 (Villa Huidobro)<\/li>\n<li>Mun. Dr. Luis Rivero \u2013 Moreno 140 \u2013 03385-498205 (Jovita)<\/li>\n<\/ul>\n<p>&nbsp;<\/p>\n<p><strong>Gral. San Mart\u00edn<\/strong><\/p>\n<ul>\n<li>Luis Pasteur \u2013 Mendoza N 2152 \u2013 0353-4619138\/30\/15 ( Villa Mar\u00eda)<\/li>\n<\/ul>\n<p><strong>Ischil\u00edn<\/strong><\/p>\n<ul>\n<li>Romagosa \u2013 Col\u00f3n y C\u00f3rdoba \u2013 03521-426214 (De\u00e1n Funes)<\/li>\n<\/ul>\n<p><strong>Ju\u00e1rez Celm\u00e1n&nbsp;&nbsp;&nbsp; <\/strong><\/p>\n<ul>\n<li>San Antonio \u2013 Enrique Gauna1251- 03584-422295\/423141 (La Carlota)<\/li>\n<\/ul>\n<p><strong>Marcos Ju\u00e1rez&nbsp;&nbsp;&nbsp; <\/strong><\/p>\n<ul>\n<li>Abel Ayerza \u2013 Belgrano 350 \u2013 03472-424826\/43\/28 ( Marcos Ju\u00e1rez)<\/li>\n<\/ul>\n<p><strong>Minas <\/strong><\/p>\n<ul>\n<li>Mun. San Carlos Minas \u2013 San Mart\u00edn sn \u2013 03542-491017 (San Carlos Minas)<\/li>\n<\/ul>\n<p><strong>Punilla<\/strong><\/p>\n<ul>\n<li>Domingo Funes \u2013 Villa Caeiro-Ruta N\u00ba 38 \u2013 03541-489676\/73\/80 (Villa Caeiro)<\/li>\n<li>Capilla del Monte -Sarmiento 486 \u2013 03548-481082 (Capilla del Monte)<\/li>\n<li>Mun. Gumercindo Sayago \u2013 Juan Domingo Per\u00f3n s\/n \u2013 03541- 421801\/230 (Carlos Paz)<\/li>\n<\/ul>\n<p><strong>R\u00edo Cuarto<\/strong><\/p>\n<ul>\n<li>Central de R\u00edo IV \u2013 Gral. Mosconi 486 \u2013 0358-4672935\/32\/37 (R\u00edo IV)<\/li>\n<li>Puesto Sanitario Las Albhacas \u2013 Calle 11 sn entre 8 y 4 \u2013 0358-491903 (Las Albhacas)<\/li>\n<li>Vecinal Achiras \u2013 Gral. Cabrera 724 \u2013 03582-495236 (Achiras)<\/li>\n<li>Dispensario Alpa Corral \u2013 Calle Publica sn \u2013 0358-4888228 (Alpa Corral)<\/li>\n<li>Vecinal Adelia Maria \u2013 Las Heras 284 \u2013 03585-420300 (Adelia Maria)<\/li>\n<li>Vecinal Berrotar\u00e1n \u2013 Catamarca 389 \u2013 0358-4949993-1509 (Berrotar\u00e1n)<\/li>\n<li>Vecinal Vicu\u00f1a Mackenna \u2013 Alberto Novillo 64803583-420658-53-54 (Vicu\u00f1a Mackenna)<\/li>\n<li>Dispensario La Cautiva \u2013 De Julio sn \u2013 03583-491169-42 (La cautiva)<\/li>\n<\/ul>\n<p><strong>R\u00edo Primero&nbsp; <\/strong><\/p>\n<ul>\n<li>Sta Rosa de R\u00edo 1\u00b0 \u2013 Quinteros 1204 \u2013 03574-480912 (Sta Rosa de R\u00edo 1\u00b0)<\/li>\n<li>Municipal Obispo Trejo \u2013 Gral. Paz 1150 \u2013 03575-497017 (Obispo Trejo)<\/li>\n<li>R\u00edo Primero \u2013 Quinteros 1204 \u2013 03574-480912 (R\u00edo Primero)<\/li>\n<li>La Para \u2013 Julio A Roca Esq. Bartolom\u00e9 Mitre \u2013 03575-491028 (La Para)<\/li>\n<\/ul>\n<p><strong>R\u00edo Segundo<\/strong><\/p>\n<ul>\n<li>San Vicente de Paul \u2013 Bv. Sobremonte 550 \u2013 03573-424706\/08*\/09 (Villa del Rosario)<\/li>\n<\/ul>\n<p><strong>Roque S\u00e1enz Pe\u00f1a<\/strong><\/p>\n<ul>\n<li>Ram\u00f3n J. C\u00e1rcano \u2013 Av. Juan D. Per\u00f3n 20 \u2013 03385-453239\/46\/42 (Laboulaye)<\/li>\n<\/ul>\n<p><strong>San Javier<\/strong><\/p>\n<ul>\n<li>Villa Dolores -Av. Belgrano 1500 \u2013 03544-426437\/406 ( Villa Dolores)<\/li>\n<li>Municipal Santa Rita -Moreno sn \u2013 03544-496058 (La Paz)<\/li>\n<\/ul>\n<p><strong>San Justo<\/strong><\/p>\n<ul>\n<li>Regional Iturraspe \u2013 Dominga Cullen 450 \u2013 03564-443722\/18\/46 (San Francisco)<\/li>\n<li>Dr. Diego Montoya \u2013 03533-420802 (Las Varillas)<\/li>\n<li>Municipal de Balnearia \u2013 Padre Cuadrelli sn \u2013 03563-420162 (Balnearia)<\/li>\n<\/ul>\n<p><strong>Santa Mar\u00eda<\/strong><\/p>\n<ul>\n<li>Provincial Arturo Il\u00eda \u2013 Av. del Libertador 1450 \u2013 03547-429282 (Alta Gracia)<\/li>\n<\/ul>\n<p><strong>Tercero Arriba<\/strong><\/p>\n<ul>\n<li>Municipal Pascual Tiro \u2013 Nicaragua 750 \u2013 0353-4960328-495 (Hernando)<\/li>\n<li>Provincial de R\u00edo 3\u00b0 \u2013 12 de Octubre 500 \u2013 03571-439203\/30 (R\u00edo Tercero)<\/li>\n<\/ul>\n<p><strong>Tulumba<\/strong><\/p>\n<ul>\n<li>San Jos\u00e9 De La Dormida \u2013 Hip\u00f3lito Irigoyen sn \u2013 03521-497921\/205 (San Jos\u00e9 De La Dormida)<\/li>\n<li>Municipal Villa Tulumba \u2013 Monse\u00f1or D\u00e1vila sn \u2013 03521-496149 (Villa Tulumba)<\/li>\n<li>Las Arrias \u2013 Calle 11 Esq. San Mart\u00edn \u2013 03522-493048 (Las Arrias)<\/li>\n<li>Lucio V. Mansilla \u2013 Calle Publica sn \u2013 03521-493000 (Lucio V. Mansilla)<\/li>\n<\/ul>\n<p><strong>Uni\u00f3n<\/strong><\/p>\n<ul>\n<li>Regional de Bell Ville \u2013 Jer\u00f3nimo del Barco 130003534-421007al 04 (Bell Ville)<\/li>\n<li>Municipal Laborde \u2013 Dr. Casti\u00f1eiras sn \u2013 0358-4671276\/73\/266 (Laborde)<\/li>\n<li>Municipal Salsacate \u2013 Jos\u00e9 Hern\u00e1ndez sn \u2013 03542-429990 (Salsacate)<\/li>\n<\/ul>\n<p><strong>San Alberto<\/strong><\/p>\n<ul>\n<li>Municipal Mina Clavero \u2013 Fleming 1332 \u2013 03544-470220 (San Alberto)<\/li>\n<\/ul>\n<p><strong>R\u00edo Seco<\/strong><\/p>\n<ul>\n<li>Centro de Salud Villa Candelaria \u2013 03522-422145 (Villa Candelaria)<\/li>\n<li>Municipal Villa de Mar\u00eda \u2013 Rivadavia Esq. 9 de Julio \u2013 03522-422202&nbsp;&nbsp; (Villa de Mar\u00eda de R\u00edo Seco)<\/li>\n<li>Vecinal Sebasti\u00e1n El Cano \u2013 Granadero M\u00e1rquez sn \u2013 03522-498041 (Sebasti\u00e1n El Cano)<\/li>\n<\/ul>\n<p><strong>Sobremonte<\/strong><\/p>\n<ul>\n<li>Mun. San Francisco del Cha\u00f1ar \u2013 Belgrano Esq. Alberdi 03522-497050\/010&nbsp;&nbsp;&nbsp; (San Francisco del Cha\u00f1ar)<\/li>\n<\/ul>\n<p>&nbsp;<\/p>\n","protected":false},"excerpt":{"rendered":"<p>Como medida preventiva, en \u00e9poca estival donde los alacranes son un problema sanitario -sobre todo para los menores-, desde ATE brindamos informaci\u00f3n sobre los hospitales que cuenta con el antiveneno para contrarrestar la picadura del ar\u00e1cnido, seg\u00fan lo informado por el Ministerio de Salud de la provincia. En caso de que una persona haya sido [&hellip;]<\/p>\n","protected":false},"author":1,"featured_media":19220,"comment_status":"open","ping_status":"open","sticky":false,"template":"","format":"standard","meta":{"_exactmetrics_skip_tracking":false,"_exactmetrics_sitenote_active":false,"_exactmetrics_sitenote_note":"","_exactmetrics_sitenote_category":0,"jnews-multi-image_gallery":[],"jnews_single_post":[],"jnews_primary_category":[],"jnews_social_meta":[],"jnews_review":[],"enable_review":"","type":"","name":"","summary":"","brand":"","sku":"","good":[],"bad":[],"score_override":"","override_value":"","rating":[],"price":[],"jnews_override_counter":[],"jnews_post_split":[],"footnotes":""},"categories":[102],"tags":[],"class_list":["post-7985","post","type-post","status-publish","format-standard","has-post-thumbnail","hentry","category-salud-2"],"jetpack_featured_media_url":"https:\/\/atecordoba.org\/wp-content\/uploads\/2020\/05\/logo-nuevochico-e1561581322808.png","_links":{"self":[{"href":"https:\/\/atecordoba.org\/index.php?rest_route=\/wp\/v2\/posts\/7985","targetHints":{"allow":["GET"]}}],"collection":[{"href":"https:\/\/atecordoba.org\/index.php?rest_route=\/wp\/v2\/posts"}],"about":[{"href":"https:\/\/atecordoba.org\/index.php?rest_route=\/wp\/v2\/types\/post"}],"author":[{"embeddable":true,"href":"https:\/\/atecordoba.org\/index.php?rest_route=\/wp\/v2\/users\/1"}],"replies":[{"embeddable":true,"href":"https:\/\/atecordoba.org\/index.php?rest_route=%2Fwp%2Fv2%2Fcomments&post=7985"}],"version-history":[{"count":0,"href":"https:\/\/atecordoba.org\/index.php?rest_route=\/wp\/v2\/posts\/7985\/revisions"}],"wp:featuredmedia":[{"embeddable":true,"href":"https:\/\/atecordoba.org\/index.php?rest_route=\/wp\/v2\/media\/19220"}],"wp:attachment":[{"href":"https:\/\/atecordoba.org\/index.php?rest_route=%2Fwp%2Fv2%2Fmedia&parent=7985"}],"wp:term":[{"taxonomy":"category","embeddable":true,"href":"https:\/\/atecordoba.org\/index.php?rest_route=%2Fwp%2Fv2%2Fcategories&post=7985"},{"taxonomy":"post_tag","embeddable":true,"href":"https:\/\/atecordoba.org\/index.php?rest_route=%2Fwp%2Fv2%2Ftags&post=7985"}],"curies":[{"name":"wp","href":"https:\/\/api.w.org\/{rel}","templated":true}]}}