{"id":7979,"date":"2017-01-23T14:46:16","date_gmt":"2017-01-23T17:46:16","guid":{"rendered":"http:\/\/www.atecordoba.org\/?p=7979"},"modified":"2020-08-10T11:02:26","modified_gmt":"2020-08-10T14:02:26","slug":"ate-repudia-y-lamenta-un-feminicidio-en-pami","status":"publish","type":"post","link":"https:\/\/atecordoba.org\/?p=7979","title":{"rendered":"ATE repudia y lamenta un feminicidio en PAMI"},"content":{"rendered":"<p><em>La compa\u00f1era M\u00f3nica Acosta, trabajadora de nivel central y madre de tres ni\u00f1os fue asesinada ayer por su ex pareja.<\/em><\/p>\n<p><img loading=\"lazy\" decoding=\"async\" class=\"aligncenter size-full wp-image-7980\" src=\"http:\/\/atecordoba.org\/wp-content\/uploads\/2020\/06\/nota-e1485193520714.jpg\" alt=\"nota\" width=\"412\" height=\"550\"><\/p>\n<p>Seg\u00fan relataron los compa\u00f1eros de M\u00f3nica, su ex pareja ten\u00eda una restricci\u00f3n perimetral para acercase pero ello no impidi\u00f3 el feminicidio.&nbsp;<\/p>\n<p>El Consejo Directivo Provincial hace propias las palabras de las\/os compa\u00f1eras\/os de M\u00f3nica para reclamar justicia por el cobarde acto y unir nuestras voces en un solo grito de Basta! Basta de feminicidios! Basta de violencia contra la mujer!<\/p>\n<p>&nbsp;<\/p>\n","protected":false},"excerpt":{"rendered":"<p>La compa\u00f1era M\u00f3nica Acosta, trabajadora de nivel central y madre de tres ni\u00f1os fue asesinada ayer por su ex pareja. Seg\u00fan relataron los compa\u00f1eros de M\u00f3nica, su ex pareja ten\u00eda una restricci\u00f3n perimetral para acercase pero ello no impidi\u00f3 el feminicidio.&nbsp; El Consejo Directivo Provincial hace propias las palabras de las\/os compa\u00f1eras\/os de M\u00f3nica para [&hellip;]<\/p>\n","protected":false},"author":1,"featured_media":19220,"comment_status":"open","ping_status":"open","sticky":false,"template":"","format":"standard","meta":{"_exactmetrics_skip_tracking":false,"_exactmetrics_sitenote_active":false,"_exactmetrics_sitenote_note":"","_exactmetrics_sitenote_category":0,"jnews-multi-image_gallery":[],"jnews_single_post":[],"jnews_primary_category":[],"jnews_social_meta":[],"jnews_review":[],"enable_review":"","type":"","name":"","summary":"","brand":"","sku":"","good":[],"bad":[],"score_override":"","override_value":"","rating":[],"price":[],"jnews_override_counter":[],"jnews_post_split":[],"footnotes":""},"categories":[325,18],"tags":[],"class_list":["post-7979","post","type-post","status-publish","format-standard","has-post-thumbnail","hentry","category-generos-y-diversidades","category-nacionales"],"jetpack_featured_media_url":"https:\/\/atecordoba.org\/wp-content\/uploads\/2020\/05\/logo-nuevochico-e1561581322808.png","_links":{"self":[{"href":"https:\/\/atecordoba.org\/index.php?rest_route=\/wp\/v2\/posts\/7979","targetHints":{"allow":["GET"]}}],"collection":[{"href":"https:\/\/atecordoba.org\/index.php?rest_route=\/wp\/v2\/posts"}],"about":[{"href":"https:\/\/atecordoba.org\/index.php?rest_route=\/wp\/v2\/types\/post"}],"author":[{"embeddable":true,"href":"https:\/\/atecordoba.org\/index.php?rest_route=\/wp\/v2\/users\/1"}],"replies":[{"embeddable":true,"href":"https:\/\/atecordoba.org\/index.php?rest_route=%2Fwp%2Fv2%2Fcomments&post=7979"}],"version-history":[{"count":1,"href":"https:\/\/atecordoba.org\/index.php?rest_route=\/wp\/v2\/posts\/7979\/revisions"}],"predecessor-version":[{"id":19992,"href":"https:\/\/atecordoba.org\/index.php?rest_route=\/wp\/v2\/posts\/7979\/revisions\/19992"}],"wp:featuredmedia":[{"embeddable":true,"href":"https:\/\/atecordoba.org\/index.php?rest_route=\/wp\/v2\/media\/19220"}],"wp:attachment":[{"href":"https:\/\/atecordoba.org\/index.php?rest_route=%2Fwp%2Fv2%2Fmedia&parent=7979"}],"wp:term":[{"taxonomy":"category","embeddable":true,"href":"https:\/\/atecordoba.org\/index.php?rest_route=%2Fwp%2Fv2%2Fcategories&post=7979"},{"taxonomy":"post_tag","embeddable":true,"href":"https:\/\/atecordoba.org\/index.php?rest_route=%2Fwp%2Fv2%2Ftags&post=7979"}],"curies":[{"name":"wp","href":"https:\/\/api.w.org\/{rel}","templated":true}]}}