{"id":7972,"date":"2017-01-20T12:14:24","date_gmt":"2017-01-20T15:14:24","guid":{"rendered":"http:\/\/www.atecordoba.org\/?p=7972"},"modified":"2017-01-20T12:14:24","modified_gmt":"2017-01-20T15:14:24","slug":"el-consejo-directivo-provincial-lamenta-el-fallecimiento-del-secretario-general-de-ate-la-rioja","status":"publish","type":"post","link":"https:\/\/atecordoba.org\/?p=7972","title":{"rendered":"El Consejo Directivo Provincial lamenta el fallecimiento del secretario General de ATE la Rioja"},"content":{"rendered":"<p><em>Normando&nbsp;Piojo Ocampo falleci\u00f3 ayer y &nbsp;sus restos fueron velados en Chilecito.<\/em><\/p>\n<figure id=\"attachment_7973\" aria-describedby=\"caption-attachment-7973\" style=\"width: 400px\" class=\"wp-caption aligncenter\"><img loading=\"lazy\" decoding=\"async\" class=\"wp-image-7973 size-full\" src=\"http:\/\/www.atecordoba.org\/wp-content\/uploads\/2017\/01\/piojo-ocampo.jpg\" alt=\"piojo-ocampo\" width=\"400\" height=\"300\"><figcaption id=\"caption-attachment-7973\" class=\"wp-caption-text\">El Piojo Ocampo durante una charla en la Legislatura de C\u00f3rdoba<\/figcaption><\/figure>\n<p>El Hist\u00f3rico dirigente riojano era secretario General del CDP y de la Regional Oeste de CTA Aut\u00f3noma de esa provincia.&nbsp;<\/p>\n<p class=\"texto\"><span class=\"\">El \u201cPiojo\u201d, como todos lo conoc\u00edan, se destac\u00f3 no solo por su militancia gremial en la Asociaci\u00f3n Trabajadores del Estado y la CTA riojana sino por su incansable lucha contra la instalaci\u00f3n de la miner\u00eda a cielo abierto en la ciudad de Famatina de su querida provincia.<\/span><\/p>\n<p class=\"texto\"><span class=\"\">Militante de toda la vida, fue preso pol\u00edtico de la \u00faltima dictadura militar y denunci\u00f3 su detenci\u00f3n ilegal y las torturas sufridas en cautiverio en el marco del juicio conocido como Megacausa Riojana.<\/span><\/p>\n<p class=\"texto\">Fueron habituales sus visitas a C\u00f3rdoba para participar en la defensa del bosque nativo y en la lucha contra Monsanto.&nbsp;<\/p>\n<p class=\"texto\">El CDP de C\u00f3rdoba le env\u00eda a su familia nuestro m\u00e1s sentido p\u00e9same.<\/p>\n<p class=\"texto\" style=\"text-align: right;\">Mar\u00eda Liliana Salerno<\/p>\n<p class=\"texto\" style=\"text-align: right;\">Secretaria General<\/p>\n","protected":false},"excerpt":{"rendered":"<p>Normando&nbsp;Piojo Ocampo falleci\u00f3 ayer y &nbsp;sus restos fueron velados en Chilecito. El Hist\u00f3rico dirigente riojano era secretario General del CDP y de la Regional Oeste de CTA Aut\u00f3noma de esa provincia.&nbsp; El \u201cPiojo\u201d, como todos lo conoc\u00edan, se destac\u00f3 no solo por su militancia gremial en la Asociaci\u00f3n Trabajadores del Estado y la CTA riojana [&hellip;]<\/p>\n","protected":false},"author":1,"featured_media":19220,"comment_status":"open","ping_status":"open","sticky":false,"template":"","format":"standard","meta":{"_exactmetrics_skip_tracking":false,"_exactmetrics_sitenote_active":false,"_exactmetrics_sitenote_note":"","_exactmetrics_sitenote_category":0,"jnews-multi-image_gallery":[],"jnews_single_post":[],"jnews_primary_category":[],"jnews_social_meta":[],"jnews_review":[],"enable_review":"","type":"","name":"","summary":"","brand":"","sku":"","good":[],"bad":[],"score_override":"","override_value":"","rating":[],"price":[],"jnews_override_counter":[],"jnews_post_split":[],"footnotes":""},"categories":[10,18],"tags":[],"class_list":["post-7972","post","type-post","status-publish","format-standard","has-post-thumbnail","hentry","category-accion-politica","category-nacionales"],"jetpack_featured_media_url":"https:\/\/atecordoba.org\/wp-content\/uploads\/2020\/05\/logo-nuevochico-e1561581322808.png","_links":{"self":[{"href":"https:\/\/atecordoba.org\/index.php?rest_route=\/wp\/v2\/posts\/7972","targetHints":{"allow":["GET"]}}],"collection":[{"href":"https:\/\/atecordoba.org\/index.php?rest_route=\/wp\/v2\/posts"}],"about":[{"href":"https:\/\/atecordoba.org\/index.php?rest_route=\/wp\/v2\/types\/post"}],"author":[{"embeddable":true,"href":"https:\/\/atecordoba.org\/index.php?rest_route=\/wp\/v2\/users\/1"}],"replies":[{"embeddable":true,"href":"https:\/\/atecordoba.org\/index.php?rest_route=%2Fwp%2Fv2%2Fcomments&post=7972"}],"version-history":[{"count":0,"href":"https:\/\/atecordoba.org\/index.php?rest_route=\/wp\/v2\/posts\/7972\/revisions"}],"wp:featuredmedia":[{"embeddable":true,"href":"https:\/\/atecordoba.org\/index.php?rest_route=\/wp\/v2\/media\/19220"}],"wp:attachment":[{"href":"https:\/\/atecordoba.org\/index.php?rest_route=%2Fwp%2Fv2%2Fmedia&parent=7972"}],"wp:term":[{"taxonomy":"category","embeddable":true,"href":"https:\/\/atecordoba.org\/index.php?rest_route=%2Fwp%2Fv2%2Fcategories&post=7972"},{"taxonomy":"post_tag","embeddable":true,"href":"https:\/\/atecordoba.org\/index.php?rest_route=%2Fwp%2Fv2%2Ftags&post=7972"}],"curies":[{"name":"wp","href":"https:\/\/api.w.org\/{rel}","templated":true}]}}