{"id":7969,"date":"2017-01-19T11:57:44","date_gmt":"2017-01-19T14:57:44","guid":{"rendered":"http:\/\/www.atecordoba.org\/?p=7969"},"modified":"2017-01-19T11:57:44","modified_gmt":"2017-01-19T14:57:44","slug":"cruce-de-los-andes-dos-siglos-de-la-mayor-proeza-militar-en-la-liberacion-de-nuestra-america","status":"publish","type":"post","link":"https:\/\/atecordoba.org\/?p=7969","title":{"rendered":"Cruce de los Andes: dos siglos de la mayor proeza militar en la liberaci\u00f3n de nuestra Am\u00e9rica"},"content":{"rendered":"<p><em>En enero del 2017 se cumplen 200 a\u00f1os del hecho pol\u00edtico militar m\u00e1s importante en la historia moderna de nuestra regi\u00f3n: el cruce los andes desde Argentina a Chile de un ej\u00e9rcito libertador patriota conformado por m\u00e1s de 5400 hombres al mando de los generales Jos\u00e9 de San Mart\u00edn y Bernardo de O\u2019Higgins.<\/em><\/p>\n<p><img loading=\"lazy\" decoding=\"async\" class=\"aligncenter size-full wp-image-7970\" src=\"http:\/\/www.atecordoba.org\/wp-content\/uploads\/2017\/01\/cruce-andes-e1484837136698.jpg\" alt=\"cruce-andes\" width=\"550\" height=\"339\"><\/p>\n<p>Por Julio Fuentes (*)<br \/>\n<b><\/b><\/p>\n<p><i><\/i>Estos patriotas fueron capaces de enfrentar con \u00e9xito al Ej\u00e9rcito Real espa\u00f1ol, apostado en &nbsp;lo que hoy es Chile, conformado por m\u00e1s 6 mil hombres con experiencia. A su vez, &nbsp;derrotaron tambi\u00e9n a las tropas realistas ubicadas en el actual territorio de Per\u00fa, con m\u00e1s de 25 mil soldados. De ese modo pudieron liberar a los pueblos chileno y peruano de la opresi\u00f3n espa\u00f1ola y consolidar la libertad del pueblo de las Provincias Unidas del R\u00edo de la Plata.<\/p>\n<p>Esta haza\u00f1a pol\u00edtico militar se lleva adelante en un momento muy dif\u00edcil para el proceso de emancipaci\u00f3n de las colonias espa\u00f1olas en Am\u00e9rica. Fernando VII hab\u00eda recuperado la corona en Espa\u00f1a y, en 1816, envi\u00f3 la expedici\u00f3n militar m\u00e1s grande de los tres siglos previos a Caracas, que sumaba 10 mil soldados veteranos. Desde ese a\u00f1o se despleg\u00f3 la represi\u00f3n m\u00e1s feroz y criminal sobre los pueblos de las colonias.<\/p>\n<p>El general libertador Don Sim\u00f3n Bol\u00edvar logr\u00f3 salir de su exilio en Jamaica, apoyado por fuerzas patriotas de Hait\u00ed, un pueblo y un gobierno que hicieron un aporte extraordinario para la lucha emancipadora. Por entonces Napole\u00f3n Bonaparte ya estaba en su exilio y los Borbones hab\u00edan recuperado la corona francesa.<\/p>\n<p>Buenos Aires no apoyaba el proyecto del cruce de los Andes y quer\u00eda ese ej\u00e9rcito para enfrentar a Jos\u00e9 de Artigas. Al mismo tiempo, las luchas intestinas de los caudillos en toda Am\u00e9rica Latina no ayudaban a la pelea contra el Ej\u00e9rcito Realista. Entre los patriotas chilenos las luchas internas eran tremendas.<\/p>\n<p>En este marco, el Ej\u00e9rcito de los Andes se constituy\u00f3 con hombres provenientes de todas las Provincias Unidas del Rio de la Plata, de Chile y de Uruguay. Eran mestizos, negros, pardos, indios, criollos, de todas las razas y &nbsp;todos los credos fundidos en el objetivo final de la libertad. Fue as\u00ed que, con mucha m\u00e1s imaginaci\u00f3n y astucia que recursos, y con una gran autovaloraci\u00f3n, se llev\u00f3 adelante este hecho determinante en el proceso de independencia.<\/p>\n<p>El recurso fundamental lo dieron los jefes de ese ej\u00e9rcito. Voluntad pol\u00edtica y fuerte apego a los ideales revolucionarios. No se dejaron amilanar ni por la falta de alg\u00fan recurso material ni por la fuerza brutal de la naturaleza. Supieron oponerle sus sue\u00f1os y deseos a la falta de condiciones para tremendo desaf\u00edo.<\/p>\n<p>Hoy, a 200 a\u00f1os de conmemorar el inicio de la marcha de esas 6 columnas del Ej\u00e9rcito de los Andes, nuestros pa\u00edses se encuentran nuevamente en la encrucijada de la lucha por la independencia o la subordinaci\u00f3n al coloniaje en sus nuevas formas.<\/p>\n<p>Este hecho podr\u00eda servirnos para reflexionar a los hombres y mujeres de Latinoam\u00e9rica y el Caribe sobre los aciertos y errores de nuestra \u00e9poca, nos permita corregir rumbos, aprender de lo vivido y hacer los m\u00e1ximos esfuerzos por la unidad.<\/p>\n<p>Necesitamos armarnos nuevamente del coraje y la fe inquebrantable en la liberaci\u00f3n de nuestra Patria y nuestra clase, armarnos &nbsp;otra vez de visiones de patria grande, ser conscientes de la necesidad de unirnos los diferentes para enfrentar a los que quieren someternos.<\/p>\n<p>Que tanto coraje, valor y sacrificio de nuestros mayores no haya sido en vano. Esforc\u00e9monos los patriotas de hoy para cruzar nuestras cordilleras unidos y dar batalla por una Am\u00e9rica Latina justa, libre y soberana. &nbsp;<\/p>\n<p>(*) secretario Adjunto del CDN de ATE, presidente de la CLATE<\/p>\n","protected":false},"excerpt":{"rendered":"<p>En enero del 2017 se cumplen 200 a\u00f1os del hecho pol\u00edtico militar m\u00e1s importante en la historia moderna de nuestra regi\u00f3n: el cruce los andes desde Argentina a Chile de un ej\u00e9rcito libertador patriota conformado por m\u00e1s de 5400 hombres al mando de los generales Jos\u00e9 de San Mart\u00edn y Bernardo de O\u2019Higgins. Por Julio [&hellip;]<\/p>\n","protected":false},"author":1,"featured_media":19220,"comment_status":"open","ping_status":"open","sticky":false,"template":"","format":"standard","meta":{"_exactmetrics_skip_tracking":false,"_exactmetrics_sitenote_active":false,"_exactmetrics_sitenote_note":"","_exactmetrics_sitenote_category":0,"jnews-multi-image_gallery":[],"jnews_single_post":[],"jnews_primary_category":[],"jnews_social_meta":[],"jnews_review":[],"enable_review":"","type":"","name":"","summary":"","brand":"","sku":"","good":[],"bad":[],"score_override":"","override_value":"","rating":[],"price":[],"jnews_override_counter":[],"jnews_post_split":[],"footnotes":""},"categories":[10],"tags":[],"class_list":["post-7969","post","type-post","status-publish","format-standard","has-post-thumbnail","hentry","category-accion-politica"],"jetpack_featured_media_url":"https:\/\/atecordoba.org\/wp-content\/uploads\/2020\/05\/logo-nuevochico-e1561581322808.png","_links":{"self":[{"href":"https:\/\/atecordoba.org\/index.php?rest_route=\/wp\/v2\/posts\/7969","targetHints":{"allow":["GET"]}}],"collection":[{"href":"https:\/\/atecordoba.org\/index.php?rest_route=\/wp\/v2\/posts"}],"about":[{"href":"https:\/\/atecordoba.org\/index.php?rest_route=\/wp\/v2\/types\/post"}],"author":[{"embeddable":true,"href":"https:\/\/atecordoba.org\/index.php?rest_route=\/wp\/v2\/users\/1"}],"replies":[{"embeddable":true,"href":"https:\/\/atecordoba.org\/index.php?rest_route=%2Fwp%2Fv2%2Fcomments&post=7969"}],"version-history":[{"count":0,"href":"https:\/\/atecordoba.org\/index.php?rest_route=\/wp\/v2\/posts\/7969\/revisions"}],"wp:featuredmedia":[{"embeddable":true,"href":"https:\/\/atecordoba.org\/index.php?rest_route=\/wp\/v2\/media\/19220"}],"wp:attachment":[{"href":"https:\/\/atecordoba.org\/index.php?rest_route=%2Fwp%2Fv2%2Fmedia&parent=7969"}],"wp:term":[{"taxonomy":"category","embeddable":true,"href":"https:\/\/atecordoba.org\/index.php?rest_route=%2Fwp%2Fv2%2Fcategories&post=7969"},{"taxonomy":"post_tag","embeddable":true,"href":"https:\/\/atecordoba.org\/index.php?rest_route=%2Fwp%2Fv2%2Ftags&post=7969"}],"curies":[{"name":"wp","href":"https:\/\/api.w.org\/{rel}","templated":true}]}}