{"id":7963,"date":"2017-01-18T13:55:36","date_gmt":"2017-01-18T16:55:36","guid":{"rendered":"http:\/\/www.atecordoba.org\/?p=7963"},"modified":"2017-01-18T13:55:36","modified_gmt":"2017-01-18T16:55:36","slug":"la-clate-exige-la-libertad-de-milagro-sala","status":"publish","type":"post","link":"https:\/\/atecordoba.org\/?p=7963","title":{"rendered":"La CLATE exige la libertad de Milagro Sala"},"content":{"rendered":"<p><em>Al cumplirse un a\u00f1o de la detenci\u00f3n de la diputada del Parlasur, la Confederaci\u00f3n Latinoamericana y del Caribe de Trabajadores del Estado reafirma su reclamo.<\/em><\/p>\n<p><img loading=\"lazy\" decoding=\"async\" class=\"aligncenter size-full wp-image-7964\" src=\"http:\/\/www.atecordoba.org\/wp-content\/uploads\/2017\/01\/milagro-sala-e1484757837897.jpg\" alt=\"milagro-sala\" width=\"550\" height=\"309\"><\/p>\n<p>En un comunicado publicado ayer en la web del Consejo Directivo Nacional, ATE denunci\u00f3, con la firma del secretario de DDHH H\u00e9ctor Carrica, que &#8220;en la Argentina ya son m\u00e1s de seis mil los procesados y procesadas por luchar. La encarcelaci\u00f3n de Milagro Sala, en enero de 2016, fue el caso m\u00e1s paradigm\u00e1tico: la dirigente juje\u00f1a lleva un a\u00f1o en la c\u00e1rcel sin que se haya dictado sentencia firme en ninguna de las causas. Hace un a\u00f1o que se encuentra en prisi\u00f3n, en una clara violaci\u00f3n de las garant\u00edas m\u00e1s fundamentales. La CLATE, que preside Julio Fuentes, se suma al pedido de libertad y denuncia la ilegalidad de dicha medida, as\u00ed como su firme posici\u00f3n en contra de la criminalizaci\u00f3n de la protesta social&#8221;.<\/p>\n<p>En tal sentido, el comunicado aclara que &#8220;estatales, docentes, trabajadores petroleros, azucareros, defensores del medio ambiente, activistas contra la mega miner\u00eda a cielo abierto, telef\u00f3nicos, entre tantos y tantas, han sido procesados este a\u00f1o por luchar por una vida m\u00e1s digna y por un pa\u00eds y una regi\u00f3n sin saqueos ni contaminaci\u00f3n&#8221;.<\/p>\n<p>&#8220;Milagro Sala result\u00f3 condenada en primera instancia por una manifestaci\u00f3n popular que termin\u00f3 en un escrache al entonces senador Gerardo Morales, realizada el 16 de octubre de 2009, de la que no particip\u00f3. Est\u00e1n pendientes los recursos de apelaci\u00f3n&#8221;.<\/p>\n<p>Y finalice expresando que &#8220;fueron numerosas las personalidades y organizaciones nacionales e internacionales que se expresaron para denunciar la ilegalidad de dicha medida. Incluso el Grupo de Trabajo de Naciones Unidas, en su opini\u00f3n 31\/2016 con fecha del 21 de octubre estableci\u00f3 el car\u00e1cter arbitrario de la detenci\u00f3n de Milagro Sala, que se torna violatoria de los est\u00e1ndares del Pacto Internacional de Derechos Civiles y Pol\u00edticos, del que Argentina es parte&#8221;.<\/p>\n<p>&nbsp;<\/p>\n","protected":false},"excerpt":{"rendered":"<p>Al cumplirse un a\u00f1o de la detenci\u00f3n de la diputada del Parlasur, la Confederaci\u00f3n Latinoamericana y del Caribe de Trabajadores del Estado reafirma su reclamo. En un comunicado publicado ayer en la web del Consejo Directivo Nacional, ATE denunci\u00f3, con la firma del secretario de DDHH H\u00e9ctor Carrica, que &#8220;en la Argentina ya son m\u00e1s [&hellip;]<\/p>\n","protected":false},"author":1,"featured_media":19220,"comment_status":"open","ping_status":"open","sticky":false,"template":"","format":"standard","meta":{"_exactmetrics_skip_tracking":false,"_exactmetrics_sitenote_active":false,"_exactmetrics_sitenote_note":"","_exactmetrics_sitenote_category":0,"jnews-multi-image_gallery":[],"jnews_single_post":[],"jnews_primary_category":[],"jnews_social_meta":[],"jnews_review":[],"enable_review":"","type":"","name":"","summary":"","brand":"","sku":"","good":[],"bad":[],"score_override":"","override_value":"","rating":[],"price":[],"jnews_override_counter":[],"jnews_post_split":[],"footnotes":""},"categories":[10],"tags":[],"class_list":["post-7963","post","type-post","status-publish","format-standard","has-post-thumbnail","hentry","category-accion-politica"],"jetpack_featured_media_url":"https:\/\/atecordoba.org\/wp-content\/uploads\/2020\/05\/logo-nuevochico-e1561581322808.png","_links":{"self":[{"href":"https:\/\/atecordoba.org\/index.php?rest_route=\/wp\/v2\/posts\/7963","targetHints":{"allow":["GET"]}}],"collection":[{"href":"https:\/\/atecordoba.org\/index.php?rest_route=\/wp\/v2\/posts"}],"about":[{"href":"https:\/\/atecordoba.org\/index.php?rest_route=\/wp\/v2\/types\/post"}],"author":[{"embeddable":true,"href":"https:\/\/atecordoba.org\/index.php?rest_route=\/wp\/v2\/users\/1"}],"replies":[{"embeddable":true,"href":"https:\/\/atecordoba.org\/index.php?rest_route=%2Fwp%2Fv2%2Fcomments&post=7963"}],"version-history":[{"count":0,"href":"https:\/\/atecordoba.org\/index.php?rest_route=\/wp\/v2\/posts\/7963\/revisions"}],"wp:featuredmedia":[{"embeddable":true,"href":"https:\/\/atecordoba.org\/index.php?rest_route=\/wp\/v2\/media\/19220"}],"wp:attachment":[{"href":"https:\/\/atecordoba.org\/index.php?rest_route=%2Fwp%2Fv2%2Fmedia&parent=7963"}],"wp:term":[{"taxonomy":"category","embeddable":true,"href":"https:\/\/atecordoba.org\/index.php?rest_route=%2Fwp%2Fv2%2Fcategories&post=7963"},{"taxonomy":"post_tag","embeddable":true,"href":"https:\/\/atecordoba.org\/index.php?rest_route=%2Fwp%2Fv2%2Ftags&post=7963"}],"curies":[{"name":"wp","href":"https:\/\/api.w.org\/{rel}","templated":true}]}}