{"id":7948,"date":"2017-01-18T14:27:17","date_gmt":"2017-01-18T17:27:17","guid":{"rendered":"http:\/\/www.atecordoba.org\/?p=7948"},"modified":"2017-01-18T14:27:17","modified_gmt":"2017-01-18T17:27:17","slug":"ate-en-alerta-ante-los-nuevos-anuncios-del-gobierno-que-limita-las-contrataciones-de-estatales-e-impone-el-ajuste","status":"publish","type":"post","link":"https:\/\/atecordoba.org\/?p=7948","title":{"rendered":"ATE en alerta ante los nuevos anuncios del Gobierno que limita las contrataciones de trabajadores estatales"},"content":{"rendered":"<p><em>Se public\u00f3 la normativa del Presupuesto que limita contrataciones y apunta a censar, reorganizar y ajustar la plantilla de trabajadores estatales.<\/em><\/p>\n<p><img loading=\"lazy\" decoding=\"async\" class=\"aligncenter size-full wp-image-7949\" src=\"http:\/\/www.atecordoba.org\/wp-content\/uploads\/2017\/01\/facimil-e1484668366461.jpg\" alt=\"facimil\" width=\"550\" height=\"365\"><\/p>\n<p><span class=\"\">Seg\u00fan detall\u00f3 la secretaria de Organizaci\u00f3n del Consejo Directivo Nacional de ATE, Silvia Le\u00f3n \u201cel Gobierno dio un nuevo paso hacia la reforma y el ajuste en el Estado a trav\u00e9s de la Decisi\u00f3n Administrativa 12 del Presupuesto General de la Administraci\u00f3n Nacional para el Ejercicio 2017, publicado en el Bolet\u00edn Oficial del d\u00eda de ayer. La misma fundamentalmente avanza en la decisi\u00f3n pol\u00edtica de reestructurar el Estado y de realizar el ajuste a manos del nuevo Ministro de Hacienda. Concentra y centraliza todo el poder de decidir el futuro de los trabajadores del Estado en la Jefatura de Gabinete de Ministros, en el Ministerio de Modernizaci\u00f3n y en la Oficina Nacional de Presupuesto\u201d.<\/span><\/p>\n<p class=\"texto\"><span class=\"\">\u201cAdem\u00e1s la norma impedir\u00e1 la contrataci\u00f3n de ning\u00fan tipo de personal y exige a todos los organismos que en el transcurso de los pr\u00f3ximos 30 d\u00edas informen al Ministerio de Modernizaci\u00f3n los cargos ocupados a trav\u00e9s de un censo de personal en todas las formas de contrataci\u00f3n que existen en el Estado. A partir de esa fecha proceder\u00e1n a distribuir los cargos fijados por la Ley de Presupuesto. Los trabajadores restantes qudar\u00edan bajo la potestad de la Jefatura de Gabinete y del Ministerio de Modernizaci\u00f3n para ser redistribuidos de acuerdo a los criterios de la cantidad de trabajadores que ellos fijen que tiene que tener cada uno de los Ministerios y organismos\u201d, agreg\u00f3 Le\u00f3n.<\/span><\/p>\n<p class=\"texto\"><span class=\"\">La dirigente nacional de ATE adem\u00e1s dijo: \u201cOtra de las partes de la Decisi\u00f3n Administrativa 12 limita los programas existentes por Ministerio, exigiendo que todas las carteras env\u00eden en los pr\u00f3ximos 15 d\u00edas la programaci\u00f3n anual de los programas existentes a la Oficina Nacional de Presupuesto. Adem\u00e1s la normativa da a los Ministerios la potestad para cerrar programas. La Decisi\u00f3n Administrativa 12 habla tambi\u00e9n de que la planta contratada tiene que cubrir el 15 por ciento de la planta del Ministerio. Esto ya exist\u00eda, pero para nosotros la salida a esto es que se ponga inmediatamente en marcha un proceso de concurso para el pase a planta permanente de los trabajadores precarizados. De esto, \u00e9sta resoluci\u00f3n no habla. Entendemos que es esto lo que se est\u00e1 demorando\u201d.<\/span><\/p>\n<p class=\"texto\"><span class=\"\">\u201cEntendemos que esto es un nuevo avance en esta tercera reforma del Estado, que fue anunciada el a\u00f1o pasado. Esta norma da un instrumento legal para redistribuir a los trabajadores de todo el Estado de acuerdo al criterio de un par de Ministerios en los que concentran todo el poder\u201d, analiz\u00f3 Silvia Le\u00f3n.<\/span><\/p>\n<p class=\"texto\"><span class=\"\">\u201cPara ATE esto es una nueva alerta. Entendemos que es un tiempo complicado para poder poner en funcionamiento esta norma, ya que tienen pensado comenzar con los censos desde la semana que viene, cuando un porcentaje muy alto de los trabajadores y trabajadoras est\u00e1 de vacaciones. De todas formas compartiremos toda esta informaci\u00f3n entre los trabajadores de todo el Estado Nacional para para debatir en conjunto, y la semana que viene vamos a realizar varias asambleas y reuniones de an\u00e1lisis y de definici\u00f3n sobre la estrategia gremial que tenemos que tomar frente a esto\u201d, cerr\u00f3 la Secretaria de Organizaci\u00f3n del CDN de ATE.<\/span><\/p>\n<p class=\"texto\">A su vez el Consejo Directivo Provincial expres\u00f3 su preocupaci\u00f3n por los efectos que decreto mencionado y adelant\u00f3, por medio de nuestra secretaria General, Mar\u00eda Liliana Salerno, que &#8220;estar\u00e1 atento ante cualquier intento de profundizar la situaci\u00f3n de precariedad de los trabajadores estatales nacionales&#8221;.&nbsp;<\/p>\n","protected":false},"excerpt":{"rendered":"<p>Se public\u00f3 la normativa del Presupuesto que limita contrataciones y apunta a censar, reorganizar y ajustar la plantilla de trabajadores estatales. Seg\u00fan detall\u00f3 la secretaria de Organizaci\u00f3n del Consejo Directivo Nacional de ATE, Silvia Le\u00f3n \u201cel Gobierno dio un nuevo paso hacia la reforma y el ajuste en el Estado a trav\u00e9s de la Decisi\u00f3n [&hellip;]<\/p>\n","protected":false},"author":1,"featured_media":19220,"comment_status":"open","ping_status":"open","sticky":false,"template":"","format":"standard","meta":{"_exactmetrics_skip_tracking":false,"_exactmetrics_sitenote_active":false,"_exactmetrics_sitenote_note":"","_exactmetrics_sitenote_category":0,"jnews-multi-image_gallery":[],"jnews_single_post":[],"jnews_primary_category":[],"jnews_social_meta":[],"jnews_review":[],"enable_review":"","type":"","name":"","summary":"","brand":"","sku":"","good":[],"bad":[],"score_override":"","override_value":"","rating":[],"price":[],"jnews_override_counter":[],"jnews_post_split":[],"footnotes":""},"categories":[18],"tags":[],"class_list":["post-7948","post","type-post","status-publish","format-standard","has-post-thumbnail","hentry","category-nacionales"],"jetpack_featured_media_url":"https:\/\/atecordoba.org\/wp-content\/uploads\/2020\/05\/logo-nuevochico-e1561581322808.png","_links":{"self":[{"href":"https:\/\/atecordoba.org\/index.php?rest_route=\/wp\/v2\/posts\/7948","targetHints":{"allow":["GET"]}}],"collection":[{"href":"https:\/\/atecordoba.org\/index.php?rest_route=\/wp\/v2\/posts"}],"about":[{"href":"https:\/\/atecordoba.org\/index.php?rest_route=\/wp\/v2\/types\/post"}],"author":[{"embeddable":true,"href":"https:\/\/atecordoba.org\/index.php?rest_route=\/wp\/v2\/users\/1"}],"replies":[{"embeddable":true,"href":"https:\/\/atecordoba.org\/index.php?rest_route=%2Fwp%2Fv2%2Fcomments&post=7948"}],"version-history":[{"count":0,"href":"https:\/\/atecordoba.org\/index.php?rest_route=\/wp\/v2\/posts\/7948\/revisions"}],"wp:featuredmedia":[{"embeddable":true,"href":"https:\/\/atecordoba.org\/index.php?rest_route=\/wp\/v2\/media\/19220"}],"wp:attachment":[{"href":"https:\/\/atecordoba.org\/index.php?rest_route=%2Fwp%2Fv2%2Fmedia&parent=7948"}],"wp:term":[{"taxonomy":"category","embeddable":true,"href":"https:\/\/atecordoba.org\/index.php?rest_route=%2Fwp%2Fv2%2Fcategories&post=7948"},{"taxonomy":"post_tag","embeddable":true,"href":"https:\/\/atecordoba.org\/index.php?rest_route=%2Fwp%2Fv2%2Ftags&post=7948"}],"curies":[{"name":"wp","href":"https:\/\/api.w.org\/{rel}","templated":true}]}}