{"id":7941,"date":"2017-01-13T14:17:41","date_gmt":"2017-01-13T17:17:41","guid":{"rendered":"http:\/\/www.atecordoba.org\/?p=7941"},"modified":"2017-01-13T14:17:41","modified_gmt":"2017-01-13T17:17:41","slug":"el-gobierno-nacional-dara-marcha-atras-con-el-desmantelamiento-de-los-postitulos","status":"publish","type":"post","link":"https:\/\/atecordoba.org\/?p=7941","title":{"rendered":"El gobierno nacional dar\u00e1 marcha atr\u00e1s con el desmantelamiento de los post\u00edtulos"},"content":{"rendered":"<p><em>En la reuni\u00f3n entre los representantes de ATE y CTERA y funcionarios del Ministerio de Educaci\u00f3n y Deportes realizada en el d\u00eda de ayer, se acord\u00f3 una nueva resoluci\u00f3n que deja sin efecto los instrumentos legales publicados en el Bolet\u00edn Oficial el 23 de diciembre, que daban de baja los post\u00edtulos del Programa Nuestra Escuela.<\/em><\/p>\n<p><img loading=\"lazy\" decoding=\"async\" class=\"aligncenter size-full wp-image-7943\" src=\"http:\/\/www.atecordoba.org\/wp-content\/uploads\/2017\/01\/WhatsApp-Image-2017-01-13-at-14.13.17-e1484327710107.jpeg\" alt=\"whatsapp-image-2017-01-13-at-14-13-17\" width=\"550\" height=\"343\"><\/p>\n<p>La reuni\u00f3n entre la representaci\u00f3n gremial y el Ministerio de Educaci\u00f3n y Deportes de la Naci\u00f3n dio luz a una nueva resoluci\u00f3n que los funcionarios se comprometieron a firmar en los pr\u00f3ximos d\u00edas. En ese documento se toman en cuenta los siguientes reclamos por parte de los trabajadores:<\/p>\n<ul>\n<li>Extender hasta el 1\u00ba de marzo la inscripci\u00f3n y presentaci\u00f3n de documentaci\u00f3n.<\/li>\n<li>Extender hasta el 2018 los post\u00edtulos que se iniciaron en 2016 para la cursada, garantizando que todos van a tener 2 a\u00f1os para la misma.<\/li>\n<li>Habilitar a los docentes a hacer m\u00e1s de un post\u00edtulo simult\u00e1neamente.<\/li>\n<li>Dar la posibilidad de recursar m\u00f3dulos no aprobados, mientras dure la cohorte en la que est\u00e1n inscriptos.<\/li>\n<\/ul>\n<p><img loading=\"lazy\" decoding=\"async\" class=\"aligncenter size-full wp-image-7944\" src=\"http:\/\/www.atecordoba.org\/wp-content\/uploads\/2017\/01\/WhatsApp-Image-2017-01-13-at-14.13.15-e1484327721420.jpeg\" alt=\"whatsapp-image-2017-01-13-at-14-13-15\" width=\"550\" height=\"310\"><\/p>\n<p>Por otro lado, los funcionarios se comprometieron a garantizar la continuidad y el pago de todos los coordinadores y tutores desde enero. Esto echar\u00eda por tierra el peligro que corr\u00eda la continuidad laboral de los trabajadores virtuales del Programa Nuestra Escuela del Instituto Nacional de Formaci\u00f3n Docente.<\/p>\n<p>Desde ATE ratificamos una vez m\u00e1s el compromiso en defensa de la educaci\u00f3n nacional p\u00fablica, gratuita y de calidad, as\u00ed como la defensa irrestricta de los puestos de trabajo de cada uno de los compa\u00f1eros y compa\u00f1eras.<\/p>\n<p><img loading=\"lazy\" decoding=\"async\" class=\"aligncenter size-full wp-image-7946\" src=\"http:\/\/www.atecordoba.org\/wp-content\/uploads\/2017\/01\/WhatsApp-Image-2017-01-13-at-14.13.17-1-e1484327740495.jpeg\" alt=\"whatsapp-image-2017-01-13-at-14-13-17-1\" width=\"550\" height=\"310\"><\/p>\n<p><img loading=\"lazy\" decoding=\"async\" class=\"aligncenter size-full wp-image-7945\" src=\"http:\/\/www.atecordoba.org\/wp-content\/uploads\/2017\/01\/WhatsApp-Image-2017-01-13-at-14.13.16-e1484327732366.jpeg\" alt=\"whatsapp-image-2017-01-13-at-14-13-16\" width=\"550\" height=\"977\"><\/p>\n","protected":false},"excerpt":{"rendered":"<p>En la reuni\u00f3n entre los representantes de ATE y CTERA y funcionarios del Ministerio de Educaci\u00f3n y Deportes realizada en el d\u00eda de ayer, se acord\u00f3 una nueva resoluci\u00f3n que deja sin efecto los instrumentos legales publicados en el Bolet\u00edn Oficial el 23 de diciembre, que daban de baja los post\u00edtulos del Programa Nuestra Escuela. [&hellip;]<\/p>\n","protected":false},"author":1,"featured_media":19220,"comment_status":"open","ping_status":"open","sticky":false,"template":"","format":"standard","meta":{"_exactmetrics_skip_tracking":false,"_exactmetrics_sitenote_active":false,"_exactmetrics_sitenote_note":"","_exactmetrics_sitenote_category":0,"jnews-multi-image_gallery":[],"jnews_single_post":[],"jnews_primary_category":[],"jnews_social_meta":[],"jnews_review":[],"enable_review":"","type":"","name":"","summary":"","brand":"","sku":"","good":[],"bad":[],"score_override":"","override_value":"","rating":[],"price":[],"jnews_override_counter":[],"jnews_post_split":[],"footnotes":""},"categories":[114,18],"tags":[],"class_list":["post-7941","post","type-post","status-publish","format-standard","has-post-thumbnail","hentry","category-ministerio-educacion","category-nacionales"],"jetpack_featured_media_url":"https:\/\/atecordoba.org\/wp-content\/uploads\/2020\/05\/logo-nuevochico-e1561581322808.png","_links":{"self":[{"href":"https:\/\/atecordoba.org\/index.php?rest_route=\/wp\/v2\/posts\/7941","targetHints":{"allow":["GET"]}}],"collection":[{"href":"https:\/\/atecordoba.org\/index.php?rest_route=\/wp\/v2\/posts"}],"about":[{"href":"https:\/\/atecordoba.org\/index.php?rest_route=\/wp\/v2\/types\/post"}],"author":[{"embeddable":true,"href":"https:\/\/atecordoba.org\/index.php?rest_route=\/wp\/v2\/users\/1"}],"replies":[{"embeddable":true,"href":"https:\/\/atecordoba.org\/index.php?rest_route=%2Fwp%2Fv2%2Fcomments&post=7941"}],"version-history":[{"count":0,"href":"https:\/\/atecordoba.org\/index.php?rest_route=\/wp\/v2\/posts\/7941\/revisions"}],"wp:featuredmedia":[{"embeddable":true,"href":"https:\/\/atecordoba.org\/index.php?rest_route=\/wp\/v2\/media\/19220"}],"wp:attachment":[{"href":"https:\/\/atecordoba.org\/index.php?rest_route=%2Fwp%2Fv2%2Fmedia&parent=7941"}],"wp:term":[{"taxonomy":"category","embeddable":true,"href":"https:\/\/atecordoba.org\/index.php?rest_route=%2Fwp%2Fv2%2Fcategories&post=7941"},{"taxonomy":"post_tag","embeddable":true,"href":"https:\/\/atecordoba.org\/index.php?rest_route=%2Fwp%2Fv2%2Ftags&post=7941"}],"curies":[{"name":"wp","href":"https:\/\/api.w.org\/{rel}","templated":true}]}}