{"id":7939,"date":"2017-01-12T14:30:14","date_gmt":"2017-01-12T17:30:14","guid":{"rendered":"http:\/\/www.atecordoba.org\/?p=7939"},"modified":"2017-01-12T14:30:14","modified_gmt":"2017-01-12T17:30:14","slug":"las-mentiras-tienen-patas-cortas","status":"publish","type":"post","link":"https:\/\/atecordoba.org\/?p=7939","title":{"rendered":"\u201cLas mentiras tienen patas cortas\u201d"},"content":{"rendered":"<p><em>El CNJyP de ATE cuestion\u00f3 las \u00faltimas decisiones impuestas por el director del PAMI, Carlos Regazzoni.<\/em><\/p>\n<p><img loading=\"lazy\" decoding=\"async\" class=\"aligncenter size-full wp-image-7935\" src=\"http:\/\/www.atecordoba.org\/wp-content\/uploads\/2017\/01\/Centro-de-jubilados-1-e1484241962447.jpg\" alt=\"centro-de-jubilados-1\" width=\"550\" height=\"472\"><\/p>\n<p>En un comunicado emitido este martes el Centro Nacional de Jubilados y Pensionados (CNJyP) de la ATE enfatiz\u00f3 que \u201cuna vez m\u00e1s, el director Ejecutivo del PAMI, Carlos Regazzoni, bajo falsas argumentaciones, y de car\u00e1cter medi\u00e1tico, vuelve a mentirle a la sociedad, como lo viene haciendo el Presidente Macri, justificando la profundizaci\u00f3n del ajuste hacia los sectores m\u00e1s vulnerables\u201d.<\/p>\n<p>Para el sector que nuclea a los trabajadores pasivos y pensionados de la organizaci\u00f3n&nbsp; \u201cahora Regazzoni, sobre la supuesta verdad de haberse detectado el acceso a beneficios dados por la Obra Social a 53 personas que ten\u00edan aviones, a casi 2.500 personas que ten\u00edan embarcaciones y a otras que ten\u00edan autos de lujo o viv\u00edan en countries de lujo, y casos en que el subsidio estaba siendo utilizado para comprar medicamentos para las mascotas, ha decidido dejar de entregar medicamentos gratis a quienes cuenten con una prepaga, posean un auto de menos de 10 a\u00f1os o m\u00e1s de un inmueble, o cobren m\u00e1s de 1,5 haberes previsionales m\u00ednimos\u201d.<\/p>\n<p>\u201cLa mentira tiene patas cortas\u201d, se\u00f1alaron desde el Centro Nacional de Jubilados y Pensionados de la ATE al salir al cruce de las declaraciones del funcionario y afirmar que \u201cuna cosa no puede tener relaci\u00f3n con la otra. Y sobre la falsa argumentaci\u00f3n de pretender obrar con un sentido equitativo y de justicia, se esconde otro asalto a nuestros aportes de d\u00e9cadas para gozar de una ancianidad que merezca ser vivida. Ser\u00eda oportuno que el Director del PAMI, nos convocara a los leg\u00edtimos due\u00f1os representantes de la Obra Social que sostenemos con nuestros aportes, y transparentar la informaci\u00f3n sobre los datos que denuncia, y sobre lo cual ha dispuesto generar recortes que afectar\u00e1n a usuarios que son leg\u00edtimos beneficiarios de las prestaciones\u201d.<\/p>\n<p>En primer t\u00e9rmino los Jubilados de la ATE aclaran que \u201cno es cierto que el funcionario sea quien decide que jubilados que cuenten con prepaga no pueden acceder al PAMI, porque as\u00ed lo dispone la ley\u201d. El segundo punto: \u00bfPor qu\u00e9 raz\u00f3n van a dejar de percibir medicamentos, aquellos beneficiarios que pudieran a lo largo de d\u00e9cadas de trabajo, de ahorros que pudieran haber reunido con sacrificio, tener un auto de menos de 10 a\u00f1os de antig\u00fcedad o haber heredado una propiedad? En tercer lugar, los dirigentes de los jubilados de la ATE tambi\u00e9n preguntan: \u00bfPor qu\u00e9 raz\u00f3n dejar\u00e1n de percibir medicamentos gratis quienes cobren una jubilaci\u00f3n sobre la media de 8491,7 pesos mensuales, cuando debiera saber el funcionario que ese monto est\u00e1 por debajo de las necesidades m\u00ednimas de subsistencia, y cuando el salario b\u00e1sico apenas supera los 8.000 pesos\u201d.<\/p>\n<p>Ante las aseveraciones de Regazzoni en cuanto a que &#8220;No podemos dar un beneficio social a una persona que se va a veranear a Punta del Este&#8221;, el CNJyP de ATE sostuvo que \u201ces vergonzante el sentido de la equidad social que sostiene el director del PAMI, y que adem\u00e1s sentenci\u00f3 con total insensibilidad que la vida de disfrute tur\u00edstico de los jubilados y pensionados con cobertura asistencial en nuestro pa\u00eds, debe ser sin trascender los l\u00edmites fronterizos de la Argentina, dictaminando con ello que llegar a la tercera edad es sin\u00f3nimo de ciudadanos de segunda\u201d.<\/p>\n","protected":false},"excerpt":{"rendered":"<p>El CNJyP de ATE cuestion\u00f3 las \u00faltimas decisiones impuestas por el director del PAMI, Carlos Regazzoni. En un comunicado emitido este martes el Centro Nacional de Jubilados y Pensionados (CNJyP) de la ATE enfatiz\u00f3 que \u201cuna vez m\u00e1s, el director Ejecutivo del PAMI, Carlos Regazzoni, bajo falsas argumentaciones, y de car\u00e1cter medi\u00e1tico, vuelve a mentirle [&hellip;]<\/p>\n","protected":false},"author":1,"featured_media":19220,"comment_status":"open","ping_status":"open","sticky":false,"template":"","format":"standard","meta":{"_exactmetrics_skip_tracking":false,"_exactmetrics_sitenote_active":false,"_exactmetrics_sitenote_note":"","_exactmetrics_sitenote_category":0,"jnews-multi-image_gallery":[],"jnews_single_post":[],"jnews_primary_category":[],"jnews_social_meta":[],"jnews_review":[],"enable_review":"","type":"","name":"","summary":"","brand":"","sku":"","good":[],"bad":[],"score_override":"","override_value":"","rating":[],"price":[],"jnews_override_counter":[],"jnews_post_split":[],"footnotes":""},"categories":[18],"tags":[],"class_list":["post-7939","post","type-post","status-publish","format-standard","has-post-thumbnail","hentry","category-nacionales"],"jetpack_featured_media_url":"https:\/\/atecordoba.org\/wp-content\/uploads\/2020\/05\/logo-nuevochico-e1561581322808.png","_links":{"self":[{"href":"https:\/\/atecordoba.org\/index.php?rest_route=\/wp\/v2\/posts\/7939","targetHints":{"allow":["GET"]}}],"collection":[{"href":"https:\/\/atecordoba.org\/index.php?rest_route=\/wp\/v2\/posts"}],"about":[{"href":"https:\/\/atecordoba.org\/index.php?rest_route=\/wp\/v2\/types\/post"}],"author":[{"embeddable":true,"href":"https:\/\/atecordoba.org\/index.php?rest_route=\/wp\/v2\/users\/1"}],"replies":[{"embeddable":true,"href":"https:\/\/atecordoba.org\/index.php?rest_route=%2Fwp%2Fv2%2Fcomments&post=7939"}],"version-history":[{"count":0,"href":"https:\/\/atecordoba.org\/index.php?rest_route=\/wp\/v2\/posts\/7939\/revisions"}],"wp:featuredmedia":[{"embeddable":true,"href":"https:\/\/atecordoba.org\/index.php?rest_route=\/wp\/v2\/media\/19220"}],"wp:attachment":[{"href":"https:\/\/atecordoba.org\/index.php?rest_route=%2Fwp%2Fv2%2Fmedia&parent=7939"}],"wp:term":[{"taxonomy":"category","embeddable":true,"href":"https:\/\/atecordoba.org\/index.php?rest_route=%2Fwp%2Fv2%2Fcategories&post=7939"},{"taxonomy":"post_tag","embeddable":true,"href":"https:\/\/atecordoba.org\/index.php?rest_route=%2Fwp%2Fv2%2Ftags&post=7939"}],"curies":[{"name":"wp","href":"https:\/\/api.w.org\/{rel}","templated":true}]}}